{"id":10448,"date":"2013-11-16T08:36:27","date_gmt":"2013-11-16T07:36:27","guid":{"rendered":"http:\/\/www.santacroceweb.com\/giornale1\/?p=10448"},"modified":"2013-11-15T22:42:18","modified_gmt":"2013-11-15T21:42:18","slug":"volley-per-la-libertas-e-arrivato-il-momento-dellesordio-subito-derby-a-comiso-con-lannunziata","status":"publish","type":"post","link":"https:\/\/www.santacroceweb.com\/index.php\/2013\/11\/16\/volley-per-la-libertas-e-arrivato-il-momento-dellesordio-subito-derby-a-comiso-con-lannunziata\/","title":{"rendered":"Volley, per la Libertas \u00e8 arrivato il momento dell&#8217;esordio: subito derby a Comiso con l&#8217;Annunziata"},"content":{"rendered":"<p style=\"text-align: justify;\">La Libertas Volley Santa Croce far\u00e0 oggi pomeriggio il suo esordio nel campionato di serie D femminile. La squadra di coach Carlo Guinicelli giocher\u00e0 in trasferta contro l\u2019Annunziata Comiso, che la scorsa stagione militava nel torneo di serie C. La gara di stasera, sar\u00e0, quindi il primo difficile match del campionato per la societ\u00e0 cara alla presidentessa Carmela Azzaro, contro una delle formazioni pi\u00f9 accreditate del girone C. Le ragazze di Guinicelli, comunque, giocheranno senza alcun timore reverenziale, anzi cercheranno con tutte le energie il primo exploit. Fra le camarinensi ci sar\u00e0 l\u2019esordio ufficiale delle nuove arrivate Laura Licitra e Rachele Cunsolo, mentre per le altre del \u201cgruppo storico\u201d questa stagione rappresenter\u00e0 la conferma delle loro grandi potenzialit\u00e0. &#8220;Finalmente iniziamo a giocare sul serio \u2013 dice coach Carlo Guinicelli (nella foto) -. La squadra \u00e8 pronta e nei test match sostenuti finora abbiamo potuto constatare alcune nostre potenzialit\u00e0. Abbiamo infatti un ottimo organico, un bel mix fra esperienza e giovent\u00f9 che potr\u00e0 far crescere ulteriormente la squadra. Il nostro obiettivo di quest\u2019anno sar\u00e0 migliorare il campionato dello scorso anno, poi tutto quello che il campo ci riserver\u00e0, noi ci prenderemo&#8221;. La gara d&#8217;esordio si giocher\u00e0 al Palasport Comunale di Comiso alle ore 18.30.<\/p>\n<p style=\"text-align: right;\"><strong>Fabio Fichera<\/strong><\/p>\n","protected":false},"excerpt":{"rendered":"<p>La Libertas Volley Santa Croce far\u00e0 oggi pomeriggio il suo esordio nel campionato di serie D femminile. La squadra di coach Carlo Guinicelli giocher\u00e0 in trasferta contro l\u2019Annunziata Comiso, che la scorsa stagione militava nel torneo di serie C. La gara di stasera, sar\u00e0, quindi il primo difficile match del campionato per la societ\u00e0 cara [&hellip;]<\/p>\n","protected":false},"author":34,"featured_media":10449,"comment_status":"open","ping_status":"open","sticky":false,"template":"","format":"standard","meta":{"footnotes":""},"categories":[1,3],"tags":[],"class_list":["post-10448","post","type-post","status-publish","format-standard","has-post-thumbnail","hentry","category-news","category-sport"],"_links":{"self":[{"href":"https:\/\/www.santacroceweb.com\/index.php\/wp-json\/wp\/v2\/posts\/10448","targetHints":{"allow":["GET"]}}],"collection":[{"href":"https:\/\/www.santacroceweb.com\/index.php\/wp-json\/wp\/v2\/posts"}],"about":[{"href":"https:\/\/www.santacroceweb.com\/index.php\/wp-json\/wp\/v2\/types\/post"}],"author":[{"embeddable":true,"href":"https:\/\/www.santacroceweb.com\/index.php\/wp-json\/wp\/v2\/users\/34"}],"replies":[{"embeddable":true,"href":"https:\/\/www.santacroceweb.com\/index.php\/wp-json\/wp\/v2\/comments?post=10448"}],"version-history":[{"count":0,"href":"https:\/\/www.santacroceweb.com\/index.php\/wp-json\/wp\/v2\/posts\/10448\/revisions"}],"wp:featuredmedia":[{"embeddable":true,"href":"https:\/\/www.santacroceweb.com\/index.php\/wp-json\/wp\/v2\/media\/10449"}],"wp:attachment":[{"href":"https:\/\/www.santacroceweb.com\/index.php\/wp-json\/wp\/v2\/media?parent=10448"}],"wp:term":[{"taxonomy":"category","embeddable":true,"href":"https:\/\/www.santacroceweb.com\/index.php\/wp-json\/wp\/v2\/categories?post=10448"},{"taxonomy":"post_tag","embeddable":true,"href":"https:\/\/www.santacroceweb.com\/index.php\/wp-json\/wp\/v2\/tags?post=10448"}],"curies":[{"name":"wp","href":"https:\/\/api.w.org\/{rel}","templated":true}]}}