{"id":10562,"date":"2013-11-18T18:41:02","date_gmt":"2013-11-18T17:41:02","guid":{"rendered":"http:\/\/www.santacroceweb.com\/giornale1\/?p=10562"},"modified":"2013-11-18T18:44:19","modified_gmt":"2013-11-18T17:44:19","slug":"cronaca-di-un-pomeriggio-surreale-i-disoccupati-tornano-a-casa-i-carabinieri-cacciano-la-stampa-video","status":"publish","type":"post","link":"https:\/\/www.santacroceweb.com\/index.php\/2013\/11\/18\/cronaca-di-un-pomeriggio-surreale-i-disoccupati-tornano-a-casa-i-carabinieri-cacciano-la-stampa-video\/","title":{"rendered":"Cronaca di un pomeriggio surreale: i disoccupati tornano a casa, la stampa viene cacciata <font color=red>VIDEO<\/font>"},"content":{"rendered":"<p style=\"text-align: justify;\">E&#8217; finita intorno alle 17.30 di luned\u00ec pomeriggio la protesta pacifica di cinque disoccupati che dalle prime ore del mattino avevano occupato l&#8217;anticamera della segreteria del sindaco, a Palazzo di Citt\u00e0, minacciando lo sciopero della fame. Massimo Cascone, Giovanni e Giuseppe Barone, Salvatore lo Giudice ed Emanuele Floriddia, che a causa della mancanza di un lavoro non riescono pi\u00f9 a pagare bollette e utenze, hanno dovuto desistere dopo l&#8217;intervento delle forze dell&#8217;ordine e hanno abbandonato la sede del Municipio al termine di una lunga opera di convincimento. Nella concitazione delle ultime ore, anche la stampa \u00e8 stata invitata dalle forze dell&#8217;ordine a lasciare il Comune, che risultava &#8220;tecnicamente&#8221; chiuso. I giornalisti, che attendevano notizie sull&#8217;esito della protesta, hanno informato il vice-presidente dell&#8217;Assostampa provinciale a tutela del loro lavoro. Gli amministratori hanno garantito che gi\u00e0 nella mattinata di marted\u00ec si svolger\u00e0 una seduta di giunta straordinaria per dare risposta alla problematica sollevata dai disoccupati. L&#8217;opposizione, che solo nel tardo pomeriggio si \u00e8 presentata a Palazzo di Citt\u00e0 per constatare la gravit\u00e0 dei fatti accaduti, ha lanciato attraverso il leader di &#8216;Noi ci crediamo&#8217;, Giovanni Barone, l&#8217;idea di una seduta straordinaria del Consiglio Comunale. Nei video un momento della protesta e le dichiarazioni dell&#8217;ex presidente del Consiglio.<\/p>\n<p style=\"text-align: right;\"><strong>Redazione<\/strong><\/p>\n<p style=\"text-align: center;\"><span style=\"text-decoration: underline; color: #ff0000;\"><strong>VIDEO di un momento della protesta<\/strong><\/span><\/p>\n<p style=\"text-align: center;\">[youtube]WTs3iQ2waBo[\/youtube]\n<p style=\"text-align: center;\"><span style=\"text-decoration: underline; color: #ff0000;\"><strong>Intervista a Giovanni Barone<\/strong><\/span><\/p>\n<p style=\"text-align: center;\">[youtube]k0JSBXGmKts[\/youtube]\n<p style=\"text-align: center;\"><a href=\"https:\/\/www.santacroceweb.com\/giornale1\/wp-content\/uploads\/2013\/11\/1463696_709198595759527_241945438_n1.jpg\"><img fetchpriority=\"high\" decoding=\"async\" class=\"aligncenter size-medium wp-image-10571 lazyload\" title=\"1463696_709198595759527_241945438_n[1]\" src=\"data:image\/gif;base64,R0lGODlhAQABAAAAACH5BAEKAAEALAAAAAABAAEAAAICTAEAOw==\" data-src=\"https:\/\/www.santacroceweb.com\/giornale1\/wp-content\/uploads\/2013\/11\/1463696_709198595759527_241945438_n1-300x224.jpg\" alt=\"\" width=\"300\" height=\"224\" data-sizes=\"auto\" data-srcset=\"https:\/\/www.santacroceweb.com\/giornale1\/wp-content\/uploads\/2013\/11\/1463696_709198595759527_241945438_n1-300x224.jpg 300w, https:\/\/www.santacroceweb.com\/giornale1\/wp-content\/uploads\/2013\/11\/1463696_709198595759527_241945438_n1-768x574.jpg 768w, https:\/\/www.santacroceweb.com\/giornale1\/wp-content\/uploads\/2013\/11\/1463696_709198595759527_241945438_n1-86x64.jpg 86w, https:\/\/www.santacroceweb.com\/giornale1\/wp-content\/uploads\/2013\/11\/1463696_709198595759527_241945438_n1.jpg 960w\" sizes=\"(max-width: 300px) 100vw, 300px\" \/><\/a><\/p>\n","protected":false},"excerpt":{"rendered":"<p>E&#8217; finita intorno alle 17.30 di luned\u00ec pomeriggio la protesta pacifica di cinque disoccupati che dalle prime ore del mattino avevano occupato l&#8217;anticamera della segreteria del sindaco, a Palazzo di Citt\u00e0, minacciando lo sciopero della fame. Massimo Cascone, Giovanni e Giuseppe Barone, Salvatore lo Giudice ed Emanuele Floriddia, che a causa della mancanza di un [&hellip;]<\/p>\n","protected":false},"author":34,"featured_media":10570,"comment_status":"open","ping_status":"open","sticky":false,"template":"","format":"standard","meta":{"footnotes":""},"categories":[7,1,11],"tags":[],"class_list":["post-10562","post","type-post","status-publish","format-standard","has-post-thumbnail","hentry","category-cronaca","category-news","category-primopiano"],"_links":{"self":[{"href":"https:\/\/www.santacroceweb.com\/index.php\/wp-json\/wp\/v2\/posts\/10562","targetHints":{"allow":["GET"]}}],"collection":[{"href":"https:\/\/www.santacroceweb.com\/index.php\/wp-json\/wp\/v2\/posts"}],"about":[{"href":"https:\/\/www.santacroceweb.com\/index.php\/wp-json\/wp\/v2\/types\/post"}],"author":[{"embeddable":true,"href":"https:\/\/www.santacroceweb.com\/index.php\/wp-json\/wp\/v2\/users\/34"}],"replies":[{"embeddable":true,"href":"https:\/\/www.santacroceweb.com\/index.php\/wp-json\/wp\/v2\/comments?post=10562"}],"version-history":[{"count":0,"href":"https:\/\/www.santacroceweb.com\/index.php\/wp-json\/wp\/v2\/posts\/10562\/revisions"}],"wp:featuredmedia":[{"embeddable":true,"href":"https:\/\/www.santacroceweb.com\/index.php\/wp-json\/wp\/v2\/media\/10570"}],"wp:attachment":[{"href":"https:\/\/www.santacroceweb.com\/index.php\/wp-json\/wp\/v2\/media?parent=10562"}],"wp:term":[{"taxonomy":"category","embeddable":true,"href":"https:\/\/www.santacroceweb.com\/index.php\/wp-json\/wp\/v2\/categories?post=10562"},{"taxonomy":"post_tag","embeddable":true,"href":"https:\/\/www.santacroceweb.com\/index.php\/wp-json\/wp\/v2\/tags?post=10562"}],"curies":[{"name":"wp","href":"https:\/\/api.w.org\/{rel}","templated":true}]}}