{"id":10995,"date":"2013-12-03T11:24:54","date_gmt":"2013-12-03T10:24:54","guid":{"rendered":"http:\/\/www.santacroceweb.com\/giornale1\/?p=10995"},"modified":"2013-12-03T11:26:17","modified_gmt":"2013-12-03T10:26:17","slug":"noi-ci-crediamo-contro-lassessore-allu-per-lamministrazione-un-fallimento-dopo-laltro","status":"publish","type":"post","link":"https:\/\/www.santacroceweb.com\/index.php\/2013\/12\/03\/noi-ci-crediamo-contro-lassessore-allu-per-lamministrazione-un-fallimento-dopo-laltro\/","title":{"rendered":"&#8220;Noi Ci Crediamo&#8221; contro assessore All\u00f9: &#8220;Prg, acqua, ordine pubblico e marchio: solo fallimenti&#8221;"},"content":{"rendered":"<p style=\"text-align: justify;\">Il gruppo politico d\u2019opposizione &#8220;Noi Ci Crediamo&#8221; ha tenuto una conferenza stampa luned\u00ec sera. Una disamina spietata dell\u2019azione amministrativa della compagine guidata dal sindaco Franca Iurato e, nello specifico, il bersaglio principale delle critiche \u00e8 stato l\u2019assessore al bilancio Giansalvo All\u00f9. Non \u00e8 piaciuta l\u2019intervista di All\u00f9 rilasciata al nostro giornale subito dopo l\u2019approvazione del bilancio di previsione 2013. &#8220;L\u2019assessore\u00a0 in questione,\u00a0 nell\u2019intervista, non \u00e8 stato incalzato (tirata d\u2019orecchie per il sottoscritto che ha realizzato quell\u2019intervista, ndr) dalle domande che ci sono sembrate edulcorate, non ha parlato del fondo di garanzia sui consumi anomali di acqua potabile, non ha parlato di IMU, non ha parlato delle consulenze cosiddette gratuite, non ha parlato dell\u2019incarico a professionisti esterni per la revisione del P.R.G, malgrado l\u2019ufficio tecnico sia stato rafforzato nell\u2019organico e nella struttura che ospita gli uffici&#8221;. Cos\u00ec ha esordito Giorgio La Rosa, membro fondatore del gruppo. Dal canto suo Giovanni Barone, leader del movimento, ha sottolineato l\u2019impegno spropositato della maggioranza sul Marchio Collettivo dei prodotti agricoli, &#8220;anzi l\u2019assessore All\u00f9 ha rivendicato il suo impegno personale nei confronti del Gruppo Agricoltori per raggiungere l\u2019obiettivo che \u00e8 gi\u00e0 costato alla collettivit\u00e0 oltre 20.000 euro e ne coster\u00e0 almeno altri 70.000 mila nella pubblicit\u00e0 prevista per il lancio. Non abbiamo capito e nemmeno condiviso questo tipo di impegno come se fosse l\u2019unica priorit\u00e0 in un mare di problemi che la citt\u00e0 vive e sta vivendo da qualche anno&#8221;, ha ribadito Barone. Luca Agnello ha ritenuto invece insufficiente l\u2019impegno che il sindaco sta mettendo in campo per fronteggiare la questione ordine pubblico: &#8220;Non saranno certamente le telecamere a contrastare il fenomeno. Peraltro il progetto era stato messo in campo dalla passata amministrazione e finanziato dalla comunit\u00e0 europea. Il comune integrer\u00e0 la realizzazione del progetto, con telecamere aggiuntive con una somma di circa 5 mila euro, poi pi\u00f9 niente&#8221;. Insomma toni duri e la possibilit\u00e0 futura di non fare sconti alla maggioranza. Ad una nostra precisa domanda sul perch\u00e9 tutte queste tematiche non sono state contestate al momento dell\u2019esposizione del bilancio durante la seduta del Consiglio Comunale (il luogo deputato a fare domande e ricevere risposte precise, in cui qualcuno di essi si \u00e8 addirittura complimentato con l\u2019assessore in questione), ci \u00e8 stato risposto che la loro precisa volont\u00e0 di mantenere bassi i toni in questo momento di gravi tensioni sociali \u00e8 stata male interpretata dalla maggioranza e dall\u2019opinione pubblica: &#8220;Vuol dire che da qui in avanti cambieremo completamente registro&#8221; \u00a0ha tuonato La Rosa.<\/p>\n<p style=\"text-align: right;\"><strong>\u00a0Salvo Dimartino<\/strong><\/p>\n<p style=\"text-align: center;\"><span style=\"text-decoration: underline; color: #ff0000;\"><strong>CLICCA SOTTO PER VEDERE L&#8217;INTERVISTA AL CONSIGLIERE COMUNALE LUCA AGNELLO<\/strong><\/span><\/p>\n<p style=\"text-align: center;\">[youtube]eyRFuaQHPIY[\/youtube]\n","protected":false},"excerpt":{"rendered":"<p>Il gruppo politico d\u2019opposizione &#8220;Noi Ci Crediamo&#8221; ha tenuto una conferenza stampa luned\u00ec sera. Una disamina spietata dell\u2019azione amministrativa della compagine guidata dal sindaco Franca Iurato e, nello specifico, il bersaglio principale delle critiche \u00e8 stato l\u2019assessore al bilancio Giansalvo All\u00f9. Non \u00e8 piaciuta l\u2019intervista di All\u00f9 rilasciata al nostro giornale subito dopo l\u2019approvazione del [&hellip;]<\/p>\n","protected":false},"author":34,"featured_media":10996,"comment_status":"open","ping_status":"open","sticky":false,"template":"","format":"standard","meta":{"footnotes":""},"categories":[1,4,11],"tags":[],"class_list":["post-10995","post","type-post","status-publish","format-standard","has-post-thumbnail","hentry","category-news","category-politica","category-primopiano"],"_links":{"self":[{"href":"https:\/\/www.santacroceweb.com\/index.php\/wp-json\/wp\/v2\/posts\/10995","targetHints":{"allow":["GET"]}}],"collection":[{"href":"https:\/\/www.santacroceweb.com\/index.php\/wp-json\/wp\/v2\/posts"}],"about":[{"href":"https:\/\/www.santacroceweb.com\/index.php\/wp-json\/wp\/v2\/types\/post"}],"author":[{"embeddable":true,"href":"https:\/\/www.santacroceweb.com\/index.php\/wp-json\/wp\/v2\/users\/34"}],"replies":[{"embeddable":true,"href":"https:\/\/www.santacroceweb.com\/index.php\/wp-json\/wp\/v2\/comments?post=10995"}],"version-history":[{"count":0,"href":"https:\/\/www.santacroceweb.com\/index.php\/wp-json\/wp\/v2\/posts\/10995\/revisions"}],"wp:featuredmedia":[{"embeddable":true,"href":"https:\/\/www.santacroceweb.com\/index.php\/wp-json\/wp\/v2\/media\/10996"}],"wp:attachment":[{"href":"https:\/\/www.santacroceweb.com\/index.php\/wp-json\/wp\/v2\/media?parent=10995"}],"wp:term":[{"taxonomy":"category","embeddable":true,"href":"https:\/\/www.santacroceweb.com\/index.php\/wp-json\/wp\/v2\/categories?post=10995"},{"taxonomy":"post_tag","embeddable":true,"href":"https:\/\/www.santacroceweb.com\/index.php\/wp-json\/wp\/v2\/tags?post=10995"}],"curies":[{"name":"wp","href":"https:\/\/api.w.org\/{rel}","templated":true}]}}