{"id":12047,"date":"2014-01-05T10:06:38","date_gmt":"2014-01-05T09:06:38","guid":{"rendered":"http:\/\/www.santacroceweb.com\/giornale1\/?p=12047"},"modified":"2014-01-05T12:37:16","modified_gmt":"2014-01-05T11:37:16","slug":"generosita-oltre-ogni-limite-tante-adesioni-a-la-befana-tricolore-del-circolo-meridiana-foto-e-video","status":"publish","type":"post","link":"https:\/\/www.santacroceweb.com\/index.php\/2014\/01\/05\/generosita-oltre-ogni-limite-tante-adesioni-a-la-befana-tricolore-del-circolo-meridiana-foto-e-video\/","title":{"rendered":"Generosit\u00e0 oltre ogni limite: tante adesioni a &#8220;La Befana Tricolore&#8221; del Circolo Meridiana <font color=red>FOTO E VIDEO<\/font>"},"content":{"rendered":"<p style=\"text-align: justify;\">Si \u00e8 svolta sabato 4 gennaio, per il secondo anno consecutivo, presso il \u201cCircolo Meridiana\u201d di Santa Croce Camerina, l&#8217;iniziativa de \u201cLa Befana Tricolore\u201d. Anche quest&#8217;anno sono stati raccolti giocattoli, abbigliamento usato e generi di prima necessit\u00e0 grazie alla generosit\u00e0 di molti santacrocesi che hanno fatto convergere nella sede del circolo una notevole quantit\u00e0 di doni. Una risposta encomiabile da parte della popolazione che, spinta dalla consapevolezza della crisi e dalle difficolt\u00e0 delle associazioni solidaristiche locali, ha dato una grande risposta e ha sorpreso gli organizzatori. I rappresentanti dell&#8217;associazione &#8220;San Vincenzo De Paoli&#8221; di S. Croce, anche loro soddisfatti della buona riuscita dell&#8217;iniziativa, si occuperanno invece della distribuzione dei doni.\u00a0Noi di Santa Croce Web (interviste realizzate da Simona Di Marco, riprese e montaggio video Fausto Mandar\u00e0 e foto gallery di Lino Scillieri) abbiamo intervistato l&#8217;on. Giorgio Assenza e due rappresentanti del &#8220;Circolo Meridiana&#8221;, Peppe Dimartino e Antonio Micieli.<\/p>\n<p style=\"text-align: right;\"><strong>Simona Di Marco<\/strong><\/p>\n<p style=\"text-align: center;\"><span style=\"text-decoration: underline; color: #ff0000;\"><strong>Clicca sotto per vedere video e interviste dell&#8217;iniziativa &#8220;Befana Tricolore&#8221;<\/strong><\/span><\/p>\n<p style=\"text-align: center;\">[youtube]swvfbynSjFs[\/youtube]\n<p style=\"text-align: center;\"><span style=\"text-decoration: underline; color: #ff0000;\"><strong>Foto gallery a cura di Lino Scillieri<\/strong><\/span><\/p>\n<p style=\"text-align: center;\"><a href=\"https:\/\/www.santacroceweb.com\/giornale1\/wp-content\/uploads\/2014\/01\/DSC_0007.png\"><img decoding=\"async\" class=\"aligncenter size-medium wp-image-12050 lazyload\" title=\"DSC_0007\" src=\"data:image\/gif;base64,R0lGODlhAQABAAAAACH5BAEKAAEALAAAAAABAAEAAAICTAEAOw==\" data-src=\"https:\/\/www.santacroceweb.com\/giornale1\/wp-content\/uploads\/2014\/01\/DSC_0007-300x148.png\" alt=\"\" width=\"300\" height=\"148\" \/><\/a><\/p>\n<p style=\"text-align: center;\"><a href=\"https:\/\/www.santacroceweb.com\/giornale1\/wp-content\/uploads\/2014\/01\/DSC_0019.png\"><img fetchpriority=\"high\" decoding=\"async\" class=\"aligncenter size-medium wp-image-12051 lazyload\" title=\"DSC_0019\" src=\"data:image\/gif;base64,R0lGODlhAQABAAAAACH5BAEKAAEALAAAAAABAAEAAAICTAEAOw==\" data-src=\"https:\/\/www.santacroceweb.com\/giornale1\/wp-content\/uploads\/2014\/01\/DSC_0019-300x200.png\" alt=\"\" width=\"300\" height=\"200\" data-sizes=\"auto\" data-srcset=\"https:\/\/www.santacroceweb.com\/giornale1\/wp-content\/uploads\/2014\/01\/DSC_0019-300x200.png 300w, https:\/\/www.santacroceweb.com\/giornale1\/wp-content\/uploads\/2014\/01\/DSC_0019-768x512.png 768w, https:\/\/www.santacroceweb.com\/giornale1\/wp-content\/uploads\/2014\/01\/DSC_0019.png 1000w\" sizes=\"(max-width: 300px) 100vw, 300px\" \/><\/a><\/p>\n<p style=\"text-align: center;\"><a href=\"https:\/\/www.santacroceweb.com\/giornale1\/wp-content\/uploads\/2014\/01\/DSC_0003.png\"><img decoding=\"async\" class=\"aligncenter size-medium wp-image-12052 lazyload\" title=\"DSC_0003\" src=\"data:image\/gif;base64,R0lGODlhAQABAAAAACH5BAEKAAEALAAAAAABAAEAAAICTAEAOw==\" data-src=\"https:\/\/www.santacroceweb.com\/giornale1\/wp-content\/uploads\/2014\/01\/DSC_0003-300x200.png\" alt=\"\" width=\"300\" height=\"200\" data-sizes=\"auto\" data-srcset=\"https:\/\/www.santacroceweb.com\/giornale1\/wp-content\/uploads\/2014\/01\/DSC_0003-300x200.png 300w, https:\/\/www.santacroceweb.com\/giornale1\/wp-content\/uploads\/2014\/01\/DSC_0003-768x512.png 768w, https:\/\/www.santacroceweb.com\/giornale1\/wp-content\/uploads\/2014\/01\/DSC_0003.png 1000w\" sizes=\"(max-width: 300px) 100vw, 300px\" \/><\/a><\/p>\n<p style=\"text-align: center;\"><a href=\"https:\/\/www.santacroceweb.com\/giornale1\/wp-content\/uploads\/2014\/01\/DSC_0002.png\"><img loading=\"lazy\" decoding=\"async\" class=\"aligncenter size-medium wp-image-12053 lazyload\" title=\"DSC_0002\" src=\"data:image\/gif;base64,R0lGODlhAQABAAAAACH5BAEKAAEALAAAAAABAAEAAAICTAEAOw==\" data-src=\"https:\/\/www.santacroceweb.com\/giornale1\/wp-content\/uploads\/2014\/01\/DSC_0002-300x200.png\" alt=\"\" width=\"300\" height=\"200\" data-sizes=\"auto\" data-srcset=\"https:\/\/www.santacroceweb.com\/giornale1\/wp-content\/uploads\/2014\/01\/DSC_0002-300x200.png 300w, https:\/\/www.santacroceweb.com\/giornale1\/wp-content\/uploads\/2014\/01\/DSC_0002-768x512.png 768w, https:\/\/www.santacroceweb.com\/giornale1\/wp-content\/uploads\/2014\/01\/DSC_0002.png 1000w\" sizes=\"(max-width: 300px) 100vw, 300px\" \/><\/a><\/p>\n<p style=\"text-align: center;\"><a href=\"https:\/\/www.santacroceweb.com\/giornale1\/wp-content\/uploads\/2014\/01\/DSC_0009.png\"><img loading=\"lazy\" decoding=\"async\" class=\"aligncenter size-medium wp-image-12054 lazyload\" title=\"DSC_0009\" src=\"data:image\/gif;base64,R0lGODlhAQABAAAAACH5BAEKAAEALAAAAAABAAEAAAICTAEAOw==\" data-src=\"https:\/\/www.santacroceweb.com\/giornale1\/wp-content\/uploads\/2014\/01\/DSC_0009-224x300.png\" alt=\"\" width=\"224\" height=\"300\" \/><\/a><\/p>\n<p style=\"text-align: center;\">\n","protected":false},"excerpt":{"rendered":"<p>Si \u00e8 svolta sabato 4 gennaio, per il secondo anno consecutivo, presso il \u201cCircolo Meridiana\u201d di Santa Croce Camerina, l&#8217;iniziativa de \u201cLa Befana Tricolore\u201d. Anche quest&#8217;anno sono stati raccolti giocattoli, abbigliamento usato e generi di prima necessit\u00e0 grazie alla generosit\u00e0 di molti santacrocesi che hanno fatto convergere nella sede del circolo una notevole quantit\u00e0 di [&hellip;]<\/p>\n","protected":false},"author":34,"featured_media":12048,"comment_status":"open","ping_status":"open","sticky":false,"template":"","format":"standard","meta":{"footnotes":""},"categories":[8,1,11],"tags":[],"class_list":["post-12047","post","type-post","status-publish","format-standard","has-post-thumbnail","hentry","category-attualita","category-news","category-primopiano"],"_links":{"self":[{"href":"https:\/\/www.santacroceweb.com\/index.php\/wp-json\/wp\/v2\/posts\/12047","targetHints":{"allow":["GET"]}}],"collection":[{"href":"https:\/\/www.santacroceweb.com\/index.php\/wp-json\/wp\/v2\/posts"}],"about":[{"href":"https:\/\/www.santacroceweb.com\/index.php\/wp-json\/wp\/v2\/types\/post"}],"author":[{"embeddable":true,"href":"https:\/\/www.santacroceweb.com\/index.php\/wp-json\/wp\/v2\/users\/34"}],"replies":[{"embeddable":true,"href":"https:\/\/www.santacroceweb.com\/index.php\/wp-json\/wp\/v2\/comments?post=12047"}],"version-history":[{"count":0,"href":"https:\/\/www.santacroceweb.com\/index.php\/wp-json\/wp\/v2\/posts\/12047\/revisions"}],"wp:featuredmedia":[{"embeddable":true,"href":"https:\/\/www.santacroceweb.com\/index.php\/wp-json\/wp\/v2\/media\/12048"}],"wp:attachment":[{"href":"https:\/\/www.santacroceweb.com\/index.php\/wp-json\/wp\/v2\/media?parent=12047"}],"wp:term":[{"taxonomy":"category","embeddable":true,"href":"https:\/\/www.santacroceweb.com\/index.php\/wp-json\/wp\/v2\/categories?post=12047"},{"taxonomy":"post_tag","embeddable":true,"href":"https:\/\/www.santacroceweb.com\/index.php\/wp-json\/wp\/v2\/tags?post=12047"}],"curies":[{"name":"wp","href":"https:\/\/api.w.org\/{rel}","templated":true}]}}