{"id":12161,"date":"2014-01-09T16:14:26","date_gmt":"2014-01-09T15:14:26","guid":{"rendered":"http:\/\/www.santacroceweb.com\/giornale1\/?p=12161"},"modified":"2014-01-09T16:14:44","modified_gmt":"2014-01-09T15:14:44","slug":"rifacimento-strade-e-utilizzo-del-nuovo-acquedotto-i-buoni-propositi-dellamministrazione-per-il-2014","status":"publish","type":"post","link":"https:\/\/www.santacroceweb.com\/index.php\/2014\/01\/09\/rifacimento-strade-e-utilizzo-del-nuovo-acquedotto-i-buoni-propositi-dellamministrazione-per-il-2014\/","title":{"rendered":"Rifacimento strade e utilizzo nuovo acquedotto: i buoni propositi dell&#8217;amministrazione per il 2014"},"content":{"rendered":"<p style=\"text-align: justify;\">Sin dai primi mesi del 2014 i cittadini di Santa Croce Camerina potranno beneficiare di importanti interventi che saranno posti in essere dalla giunta municipale. Ad iniziare dalla messa in funzione dell\u2019acquedotto realizzato fra il 2000 ed il 2001 e mai utilizzato che fornir\u00e0 di acqua tre quartieri e cio\u00e8 Belpiano, Fontana e Mazzarelli. Si eviteranno cos\u00ec le tante dispersioni idriche che le vecchie condotte causavano da un lato, ma dall\u2019altro si potr\u00e0 finalmente utilizzare un\u2019opera che era rimasta nel dimenticatoio. Nei primi mesi dell\u2019anno nuovo, inoltre, saranno effettuati pure degli importanti lavori di manutenzione che riguarderanno il rifacimento del manto stradale di alcune vie (grazie allo stanziamento di circa 40 mila euro), nonch\u00e9 la sistemazione dell\u2019illuminazione pubblica con la sostituzione dei pali non pi\u00f9 funzionanti. Anche in tal caso si proceder\u00e0 grazie all\u2019utilizzo di altri 40 mila euro stanziati appositamente per questo progetto. Da ricordare infine che la giunta, prima della chiusura del 2013, ha deliberato la sistemazione della piazzola di stoccaggio temporaneo per la raccolta differenziata dei rifiuti di C.da Pezza. Diversi interventi insomma che nonostante le ristrettezze economiche dell\u2019ente si stanno cercando di portare avanti nell\u2019interesse della collettivit\u00e0.<\/p>\n<p style=\"text-align: right;\"><strong>Redazione<\/strong><\/p>\n","protected":false},"excerpt":{"rendered":"<p>Sin dai primi mesi del 2014 i cittadini di Santa Croce Camerina potranno beneficiare di importanti interventi che saranno posti in essere dalla giunta municipale. Ad iniziare dalla messa in funzione dell\u2019acquedotto realizzato fra il 2000 ed il 2001 e mai utilizzato che fornir\u00e0 di acqua tre quartieri e cio\u00e8 Belpiano, Fontana e Mazzarelli. Si [&hellip;]<\/p>\n","protected":false},"author":34,"featured_media":11589,"comment_status":"open","ping_status":"open","sticky":false,"template":"","format":"standard","meta":{"footnotes":""},"categories":[1,4],"tags":[],"class_list":["post-12161","post","type-post","status-publish","format-standard","has-post-thumbnail","hentry","category-news","category-politica"],"_links":{"self":[{"href":"https:\/\/www.santacroceweb.com\/index.php\/wp-json\/wp\/v2\/posts\/12161","targetHints":{"allow":["GET"]}}],"collection":[{"href":"https:\/\/www.santacroceweb.com\/index.php\/wp-json\/wp\/v2\/posts"}],"about":[{"href":"https:\/\/www.santacroceweb.com\/index.php\/wp-json\/wp\/v2\/types\/post"}],"author":[{"embeddable":true,"href":"https:\/\/www.santacroceweb.com\/index.php\/wp-json\/wp\/v2\/users\/34"}],"replies":[{"embeddable":true,"href":"https:\/\/www.santacroceweb.com\/index.php\/wp-json\/wp\/v2\/comments?post=12161"}],"version-history":[{"count":0,"href":"https:\/\/www.santacroceweb.com\/index.php\/wp-json\/wp\/v2\/posts\/12161\/revisions"}],"wp:featuredmedia":[{"embeddable":true,"href":"https:\/\/www.santacroceweb.com\/index.php\/wp-json\/wp\/v2\/media\/11589"}],"wp:attachment":[{"href":"https:\/\/www.santacroceweb.com\/index.php\/wp-json\/wp\/v2\/media?parent=12161"}],"wp:term":[{"taxonomy":"category","embeddable":true,"href":"https:\/\/www.santacroceweb.com\/index.php\/wp-json\/wp\/v2\/categories?post=12161"},{"taxonomy":"post_tag","embeddable":true,"href":"https:\/\/www.santacroceweb.com\/index.php\/wp-json\/wp\/v2\/tags?post=12161"}],"curies":[{"name":"wp","href":"https:\/\/api.w.org\/{rel}","templated":true}]}}