{"id":12371,"date":"2014-01-17T11:37:25","date_gmt":"2014-01-17T10:37:25","guid":{"rendered":"http:\/\/www.santacroceweb.com\/giornale1\/?p=12371"},"modified":"2014-01-17T12:41:16","modified_gmt":"2014-01-17T11:41:16","slug":"circolo-meridiana-duro-attacco-al-sindaco-amministrazione-incapace-e-sotto-ricatto-degli-agricoltori","status":"publish","type":"post","link":"https:\/\/www.santacroceweb.com\/index.php\/2014\/01\/17\/circolo-meridiana-duro-attacco-al-sindaco-amministrazione-incapace-e-sotto-ricatto-degli-agricoltori\/","title":{"rendered":"Circolo Meridiana, duro attacco al sindaco: &#8220;Amministrazione incapace e sotto ricatto degli Agricoltori&#8221;"},"content":{"rendered":"<p style=\"text-align: justify;\">&#8220;Dal maggio 2012 ad oggi, abbiamo assistito ad una instabilit\u00e0 politica di questa Amministrazione forse senza precedenti nella storia della nostra citt\u00e0&#8221;. Inizia cos\u00ec la nota del Circolo Meridiana di Santa Croce, che analizza la situazione politica instabile dell&#8217;ultimo periodo: &#8220;In cos\u00ec poco tempo, si contano gi\u00e0 tre assessori dimissionari (dei quattro iniziali) per motivi pi\u00f9 o meno personali. Le nuove nomine fin qui svelate, sono state tese a caratterizzare questa Amministrazione da una maggioranza appartenente al PD e non pi\u00f9 ad una lista civica. Un\u2019Amministrazione comunale che appare sempre pi\u00f9 paralizzata e isterica, oggetto dei continui ricatti (politici, s\u2019intende!) da parte di un gruppo di consiglieri, il cui unico obbiettivo sembra esclusivamente quello di difendere una determinata categoria, dimenticando di avere il dovere di rappresentare tutti i cittadini, agricoltori e non! Questi ricatti sembrano addirittura proporre la nomina del nuovo assessore pescando nelle fila di liste avversarie nella corsa a Palazzo di Citt\u00e0, paventando l\u2019ipotesi di un grottesco inciucio! L\u2019ennesima dimostrazione d\u2019incapacit\u00e0 sia politica che amministrativa, vedi ordine pubblico, ztl a Punta Secca, ordinanza sulle bevande alcoliche e non, tutte idee partorite male e concretizzatesi in maniera ancora peggiore. Per non parlare dell\u2019ormai famoso \u201cMarchio Collettivo\u201d, unico motivo che tiene ancora i tre consiglieri del Gruppo Agricoltori seduti ai loro posti. Speriamo vivamente che anche l\u2019ultima scelta dell\u2019Amministrazione, quella dell\u2019acquisto del \u201ctelelaser\u201d, serva veramente a garantire la sicurezza dei cittadini e che non sia solamente uno strumento di vessazione ulteriore dei santacrocesi per rimpinguare le casse comunali!&#8221;.<\/p>\n<p style=\"text-align: justify;\">Ma le accuse proseguono alla luce dell&#8217;intenzione da parte del sindaco di redistribuire le deleghe della Varcadipane: &#8220;Dalla conferenza stampa del Sindaco, durante la quale venivano ufficializzate (dopo tanto vociferare!) le dimissioni dell\u2019Assessore Varcadipane, apprendiamo con un po\u2019 di stupore che si sta attuando anche una ridistribuzione delle deleghe assessoriali. Non vorremo di certo ritrovare la delega allo Sport assegnata a qualche personaggio, direttamente o indirettamente coinvolto in vicende societarie (sportive) poco piacevoli e fallimentari oppure l\u2019ennesimo consulente a titolo gratuito con Delega agli Spettacoli. Sarebbe stato pi\u00f9 logico, a nostro avviso, cercare un dialogo costruttivo con le forze di opposizione interne al Consiglio Comunale piuttosto che sottostare ai soliti giochi di potere dei numeri. Mentre accade tutto ci\u00f2, chi si prende cura della Citt\u00e0? Forse per il Sindaco sarebbe il caso di valutare l\u2019opportunit\u00e0 di Onorevoli dimissioni per non vedere infangata la Sua onorabilit\u00e0. \u00a0<strong>NOI GLIELO CONSIGLIAMO VIVAMENTE!&#8221;<\/strong><\/p>\n<p style=\"text-align: right;\"><strong>Redazione<\/strong><\/p>\n","protected":false},"excerpt":{"rendered":"<p>&#8220;Dal maggio 2012 ad oggi, abbiamo assistito ad una instabilit\u00e0 politica di questa Amministrazione forse senza precedenti nella storia della nostra citt\u00e0&#8221;. Inizia cos\u00ec la nota del Circolo Meridiana di Santa Croce, che analizza la situazione politica instabile dell&#8217;ultimo periodo: &#8220;In cos\u00ec poco tempo, si contano gi\u00e0 tre assessori dimissionari (dei quattro iniziali) per motivi [&hellip;]<\/p>\n","protected":false},"author":34,"featured_media":12372,"comment_status":"open","ping_status":"open","sticky":false,"template":"","format":"standard","meta":{"footnotes":""},"categories":[1,4],"tags":[],"class_list":["post-12371","post","type-post","status-publish","format-standard","has-post-thumbnail","hentry","category-news","category-politica"],"_links":{"self":[{"href":"https:\/\/www.santacroceweb.com\/index.php\/wp-json\/wp\/v2\/posts\/12371","targetHints":{"allow":["GET"]}}],"collection":[{"href":"https:\/\/www.santacroceweb.com\/index.php\/wp-json\/wp\/v2\/posts"}],"about":[{"href":"https:\/\/www.santacroceweb.com\/index.php\/wp-json\/wp\/v2\/types\/post"}],"author":[{"embeddable":true,"href":"https:\/\/www.santacroceweb.com\/index.php\/wp-json\/wp\/v2\/users\/34"}],"replies":[{"embeddable":true,"href":"https:\/\/www.santacroceweb.com\/index.php\/wp-json\/wp\/v2\/comments?post=12371"}],"version-history":[{"count":0,"href":"https:\/\/www.santacroceweb.com\/index.php\/wp-json\/wp\/v2\/posts\/12371\/revisions"}],"wp:featuredmedia":[{"embeddable":true,"href":"https:\/\/www.santacroceweb.com\/index.php\/wp-json\/wp\/v2\/media\/12372"}],"wp:attachment":[{"href":"https:\/\/www.santacroceweb.com\/index.php\/wp-json\/wp\/v2\/media?parent=12371"}],"wp:term":[{"taxonomy":"category","embeddable":true,"href":"https:\/\/www.santacroceweb.com\/index.php\/wp-json\/wp\/v2\/categories?post=12371"},{"taxonomy":"post_tag","embeddable":true,"href":"https:\/\/www.santacroceweb.com\/index.php\/wp-json\/wp\/v2\/tags?post=12371"}],"curies":[{"name":"wp","href":"https:\/\/api.w.org\/{rel}","templated":true}]}}