{"id":12821,"date":"2014-01-31T11:57:47","date_gmt":"2014-01-31T10:57:47","guid":{"rendered":"http:\/\/www.santacroceweb.com\/giornale1\/?p=12821"},"modified":"2014-01-31T14:12:43","modified_gmt":"2014-01-31T13:12:43","slug":"asse-sicilia-tunisia-per-la-formazione-degli-imprenditori-anche-agricoli-nasce-il-progetto-compass","status":"publish","type":"post","link":"https:\/\/www.santacroceweb.com\/index.php\/2014\/01\/31\/asse-sicilia-tunisia-per-la-formazione-degli-imprenditori-anche-agricoli-nasce-il-progetto-compass\/","title":{"rendered":"Asse Sicilia-Tunisia per formare gli imprenditori (anche agricoli): presentato il progetto Compass"},"content":{"rendered":"<p style=\"text-align: justify;\">Gioved\u00ec sera, nei locali della sede Avis di Santa Croce Camerina, grazie alla disponibilit\u00e0 concessa dal presidente Fabio Emmolo, alla presenza del segretario regionale Salvatore Mandar\u00e0 e di Samia Chaaraoui, componente del direttivo Avis e rappresentante ufficiale per la CGIL, \u00e8 avvenuto un importante incontro informativo per illustrare la creazione di una rete euro-mediterranea di sostegno ed accompagnamento agli imprenditori per l&#8217;integrazione economica tra la Sicilia e la Tunisia, con particolare attenzione alle filiere economiche dell&#8217;agricoltura, dell&#8217;agro-alimentare, della pesca e del turismo. Momento integrativo significativo che precede quello odierno nella sede della Provincia di Ragusa, dove li attende la Dott.ssa Lucia Lo Castro, dirigente della Provincia. Ospite illustre della serata il console per la Tunisia, Farhat Ben Souissi. Insieme a quest&#8217;ultimo sono intervenuti: per l&#8217;ufficio nazionale del turismo tunisino (ONTT) la direttrice Boussetta Nebiha, la responsabile dell&#8221;UTICA (industria tradizionale) Dallagi Nouha, il direttore dell&#8217;APIA (Agenzia di promozione degli investimenti agricoli) Hanen Abidi Ben Ayed, per l&#8217;API (Agenzia di promozione delll&#8217;Industria e dell&#8217;innovazione) Mahab \u00a0Kasraoui, Bouali Moncef dell&#8217; associazione Progettiamo Insieme e infine Hammami Karim, <em>chef de service encadrement des professionels et promotion des exportations<\/em>. Partner del progetto, denominato COMPASS, l&#8217;associazione culturale &#8220;Centro Studi Ibleo&#8221; e i Comuni di Pozzallo, Ispica, Modica, Scicli. Il dott.re Nino Trimarchi, coordinatore del progetto, ha spiegato le modalit\u00e0 di accesso sul web (www.project-compass.eu) e il coinvolgimento delle altre entit\u00e0 della rete a livello provinciale, tra le quali \u00a0la CGIL, alle quali ci si pu\u00f2 rivolgere per chiedere maggiori informazioni presso gli sportelli informativi appositamente predisposti. Dopo una breve sperimentazione ed una attenta analisi della situazione e delle potenzialit\u00e0 economiche nei due territori oggetto dell&#8217;intervento, si passer\u00e0 all&#8217;avvio della fase operativa (assistenza e formazione) dal mese di maggio: lo scopo principale \u00e8 quello di creare una rete per incentivare gli investimenti di imprenditori in Italia e in Tunisia, attraverso un accordo di programma per un contatto diretto tra le varie agenzie isituzionali in causa. Immancabile l&#8217;accenno all&#8217;importanza dello scalo aereo di Comiso per agevolare il sistema di scambio e a tal fine Enzo Palazzolo, direttore del &#8220;Centro Studi Ibleo&#8221;, accenna all&#8217;incontro avvenuto poco prima tra il console tunisino e il presidente della Soaco, mostrando segnali di ottimismo affinch\u00e9 in tempi brevi si riescano ad avviare opportuni collegamenti. La redazione del nostro giornale seguir\u00e0 le ulteriori fasi di sviluppo del progetto al fine di tenervi informati.<\/p>\n<p style=\"text-align: right;\"><strong>Giusy Zisa<\/strong><\/p>\n<p style=\"text-align: center;\"><a href=\"https:\/\/www.santacroceweb.com\/giornale1\/wp-content\/uploads\/2014\/01\/1513806_749736178372435_235824292_n1.jpg\"><img fetchpriority=\"high\" decoding=\"async\" class=\"aligncenter size-medium wp-image-12837 lazyload\" title=\"1513806_749736178372435_235824292_n[1]\" src=\"data:image\/gif;base64,R0lGODlhAQABAAAAACH5BAEKAAEALAAAAAABAAEAAAICTAEAOw==\" data-src=\"https:\/\/www.santacroceweb.com\/giornale1\/wp-content\/uploads\/2014\/01\/1513806_749736178372435_235824292_n1-300x225.jpg\" alt=\"\" width=\"300\" height=\"225\" data-sizes=\"auto\" data-srcset=\"https:\/\/www.santacroceweb.com\/giornale1\/wp-content\/uploads\/2014\/01\/1513806_749736178372435_235824292_n1-300x225.jpg 300w, https:\/\/www.santacroceweb.com\/giornale1\/wp-content\/uploads\/2014\/01\/1513806_749736178372435_235824292_n1-768x576.jpg 768w, https:\/\/www.santacroceweb.com\/giornale1\/wp-content\/uploads\/2014\/01\/1513806_749736178372435_235824292_n1-86x64.jpg 86w, https:\/\/www.santacroceweb.com\/giornale1\/wp-content\/uploads\/2014\/01\/1513806_749736178372435_235824292_n1.jpg 960w\" sizes=\"(max-width: 300px) 100vw, 300px\" \/><\/a><\/p>\n<p style=\"text-align: center;\"><a href=\"https:\/\/www.santacroceweb.com\/giornale1\/wp-content\/uploads\/2014\/01\/1545027_749736185039101_46984721_n1.jpg\"><img decoding=\"async\" class=\"aligncenter size-medium wp-image-12838 lazyload\" title=\"1545027_749736185039101_46984721_n[1]\" src=\"data:image\/gif;base64,R0lGODlhAQABAAAAACH5BAEKAAEALAAAAAABAAEAAAICTAEAOw==\" data-src=\"https:\/\/www.santacroceweb.com\/giornale1\/wp-content\/uploads\/2014\/01\/1545027_749736185039101_46984721_n1-300x225.jpg\" alt=\"\" width=\"300\" height=\"225\" data-sizes=\"auto\" data-srcset=\"https:\/\/www.santacroceweb.com\/giornale1\/wp-content\/uploads\/2014\/01\/1545027_749736185039101_46984721_n1-300x225.jpg 300w, https:\/\/www.santacroceweb.com\/giornale1\/wp-content\/uploads\/2014\/01\/1545027_749736185039101_46984721_n1-768x576.jpg 768w, https:\/\/www.santacroceweb.com\/giornale1\/wp-content\/uploads\/2014\/01\/1545027_749736185039101_46984721_n1-86x64.jpg 86w, https:\/\/www.santacroceweb.com\/giornale1\/wp-content\/uploads\/2014\/01\/1545027_749736185039101_46984721_n1.jpg 960w\" sizes=\"(max-width: 300px) 100vw, 300px\" \/><\/a><\/p>\n","protected":false},"excerpt":{"rendered":"<p>Gioved\u00ec sera, nei locali della sede Avis di Santa Croce Camerina, grazie alla disponibilit\u00e0 concessa dal presidente Fabio Emmolo, alla presenza del segretario regionale Salvatore Mandar\u00e0 e di Samia Chaaraoui, componente del direttivo Avis e rappresentante ufficiale per la CGIL, \u00e8 avvenuto un importante incontro informativo per illustrare la creazione di una rete euro-mediterranea di [&hellip;]<\/p>\n","protected":false},"author":34,"featured_media":12835,"comment_status":"open","ping_status":"open","sticky":false,"template":"","format":"standard","meta":{"footnotes":""},"categories":[8,1],"tags":[],"class_list":["post-12821","post","type-post","status-publish","format-standard","has-post-thumbnail","hentry","category-attualita","category-news"],"_links":{"self":[{"href":"https:\/\/www.santacroceweb.com\/index.php\/wp-json\/wp\/v2\/posts\/12821","targetHints":{"allow":["GET"]}}],"collection":[{"href":"https:\/\/www.santacroceweb.com\/index.php\/wp-json\/wp\/v2\/posts"}],"about":[{"href":"https:\/\/www.santacroceweb.com\/index.php\/wp-json\/wp\/v2\/types\/post"}],"author":[{"embeddable":true,"href":"https:\/\/www.santacroceweb.com\/index.php\/wp-json\/wp\/v2\/users\/34"}],"replies":[{"embeddable":true,"href":"https:\/\/www.santacroceweb.com\/index.php\/wp-json\/wp\/v2\/comments?post=12821"}],"version-history":[{"count":0,"href":"https:\/\/www.santacroceweb.com\/index.php\/wp-json\/wp\/v2\/posts\/12821\/revisions"}],"wp:featuredmedia":[{"embeddable":true,"href":"https:\/\/www.santacroceweb.com\/index.php\/wp-json\/wp\/v2\/media\/12835"}],"wp:attachment":[{"href":"https:\/\/www.santacroceweb.com\/index.php\/wp-json\/wp\/v2\/media?parent=12821"}],"wp:term":[{"taxonomy":"category","embeddable":true,"href":"https:\/\/www.santacroceweb.com\/index.php\/wp-json\/wp\/v2\/categories?post=12821"},{"taxonomy":"post_tag","embeddable":true,"href":"https:\/\/www.santacroceweb.com\/index.php\/wp-json\/wp\/v2\/tags?post=12821"}],"curies":[{"name":"wp","href":"https:\/\/api.w.org\/{rel}","templated":true}]}}