{"id":13160,"date":"2014-02-12T11:19:23","date_gmt":"2014-02-12T10:19:23","guid":{"rendered":"http:\/\/www.santacroceweb.com\/giornale1\/?p=13160"},"modified":"2014-02-12T11:19:23","modified_gmt":"2014-02-12T10:19:23","slug":"guasti-allimpianto-fognario-in-via-carmine-liquidi-sversati-nelle-abitazioni-appello-di-fare-ambiente","status":"publish","type":"post","link":"https:\/\/www.santacroceweb.com\/index.php\/2014\/02\/12\/guasti-allimpianto-fognario-in-via-carmine-liquidi-sversati-nelle-abitazioni-appello-di-fare-ambiente\/","title":{"rendered":"Guasti all&#8217;impianto fognario, in via Carmine liquidi sversati nelle abitazioni: appello di Fare Ambiente"},"content":{"rendered":"<p style=\"text-align: justify;\">&#8220;Via Carmine inferiore, e le vie adiacenti, da anni continuano ad avere\u00a0 problemi all&#8217;impianto fognario che non riesce a smaltire tutti i liquami prodotti dai cittadini residenti&#8221;. Comincia cos\u00ec la nota della coordinatrice locale di Fare Ambiente, Rosuccia Agnello. Che punta il dito sulle condizioni igieniche poco consone che si sono venute a creare: &#8220;La condotta oramai vecchia, in un quartiere con pochi abitanti, continua a creare non poche difficolt\u00e0 per gli odori e per lo sversamento di liquidi dentro le abitazioni. E&#8217; chiaro che \u00e8 necessario un progetto immediato e urgente, non bastano gli interventi dell&#8217;espurgo per evitare ulteriori problemi di igiene. Il problema \u00e8 noto da anni &#8211; spiega la Agnello &#8211; ma ad oggi nessun intervento strutturale \u00e8 stato realizzato. L&#8217;invito che Fare Ambiente rivolge al sindaco \u00e8 quello di attenzionare ci\u00f2 che \u00e8 oramai si verifica frequentemente e che \u00e8 di nocumento all&#8217;ambiente, all&#8217;igiene ed alla salubrit\u00e0 pubblica&#8221;.<br \/>\n<wbr>\u00a0\u00a0\u00a0\u00a0\u00a0\u00a0\u00a0\u00a0\u00a0\u00a0\u00a0\u00a0 <\/wbr><\/p>\n<p style=\"text-align: right;\"><strong>Redazione<\/strong><\/p>\n","protected":false},"excerpt":{"rendered":"<p>&#8220;Via Carmine inferiore, e le vie adiacenti, da anni continuano ad avere\u00a0 problemi all&#8217;impianto fognario che non riesce a smaltire tutti i liquami prodotti dai cittadini residenti&#8221;. Comincia cos\u00ec la nota della coordinatrice locale di Fare Ambiente, Rosuccia Agnello. Che punta il dito sulle condizioni igieniche poco consone che si sono venute a creare: &#8220;La [&hellip;]<\/p>\n","protected":false},"author":34,"featured_media":13162,"comment_status":"open","ping_status":"open","sticky":false,"template":"","format":"standard","meta":{"footnotes":""},"categories":[8,1],"tags":[],"class_list":["post-13160","post","type-post","status-publish","format-standard","has-post-thumbnail","hentry","category-attualita","category-news"],"_links":{"self":[{"href":"https:\/\/www.santacroceweb.com\/index.php\/wp-json\/wp\/v2\/posts\/13160","targetHints":{"allow":["GET"]}}],"collection":[{"href":"https:\/\/www.santacroceweb.com\/index.php\/wp-json\/wp\/v2\/posts"}],"about":[{"href":"https:\/\/www.santacroceweb.com\/index.php\/wp-json\/wp\/v2\/types\/post"}],"author":[{"embeddable":true,"href":"https:\/\/www.santacroceweb.com\/index.php\/wp-json\/wp\/v2\/users\/34"}],"replies":[{"embeddable":true,"href":"https:\/\/www.santacroceweb.com\/index.php\/wp-json\/wp\/v2\/comments?post=13160"}],"version-history":[{"count":0,"href":"https:\/\/www.santacroceweb.com\/index.php\/wp-json\/wp\/v2\/posts\/13160\/revisions"}],"wp:featuredmedia":[{"embeddable":true,"href":"https:\/\/www.santacroceweb.com\/index.php\/wp-json\/wp\/v2\/media\/13162"}],"wp:attachment":[{"href":"https:\/\/www.santacroceweb.com\/index.php\/wp-json\/wp\/v2\/media?parent=13160"}],"wp:term":[{"taxonomy":"category","embeddable":true,"href":"https:\/\/www.santacroceweb.com\/index.php\/wp-json\/wp\/v2\/categories?post=13160"},{"taxonomy":"post_tag","embeddable":true,"href":"https:\/\/www.santacroceweb.com\/index.php\/wp-json\/wp\/v2\/tags?post=13160"}],"curies":[{"name":"wp","href":"https:\/\/api.w.org\/{rel}","templated":true}]}}