{"id":13567,"date":"2014-02-26T09:00:38","date_gmt":"2014-02-26T08:00:38","guid":{"rendered":"http:\/\/www.santacroceweb.com\/giornale1\/?p=13567"},"modified":"2014-02-25T19:03:12","modified_gmt":"2014-02-25T18:03:12","slug":"calcio-la-vaccara-rigenera-il-santa-croce-ora-una-domenica-di-riposo-poi-la-doppia-sfida-di-coppa","status":"publish","type":"post","link":"https:\/\/www.santacroceweb.com\/index.php\/2014\/02\/26\/calcio-la-vaccara-rigenera-il-santa-croce-ora-una-domenica-di-riposo-poi-la-doppia-sfida-di-coppa\/","title":{"rendered":"Calcio, La Vaccara rigenera il Santa Croce. Ora una domenica di riposo, poi la doppia sfida di coppa"},"content":{"rendered":"<p style=\"text-align: justify;\">La grande esperienza e la spinta di capitan Calogero\u00a0La Vaccara (nella foto)\u00a0consentono al Santa Croce di conquistare un prezioso pareggio sul campo dell\u2019Accademia Empedoclina, contro una rivale concorrente per la salvezza diretta. Il pareggio conseguito sul campo, grazie alle due reti messe a segno dal capitano biancazzurro, \u00e8 servito a dare una scossa alla squadra, dopo la sconfitta interna contro il Caltagirone che aveva smosso alcune polemiche. L\u2019atteggiamento propositivo della squadra e il buon risultato, hanno stemperato gli animi dei protagonisti e della dirigenza che adesso guarda con fiducia al proseguo della stagione. &#8220;E\u2019 stata una gara molto difficile ed aperta fino alla fine \u2013 dice il dg Claudio Agnello -. Il punto conquistato \u00e8 stato pesante per la lotta alla salvezza. La squadra non si \u00e8 risparmiata in termini di impegno, ma \u00e8 evidente che bisogna fare di pi\u00f9 a livello qualitativo&#8221;. Molti sono ancora gli impegni che i biancazzurri hanno da affrontare durante la stagione, in primis la conquista della salvezza diretta e poi le gare dei quarti di finale di Coppa Italia. La lega in questi giorni effettuer\u00e0 il sorteggio per indicare gli accoppiamenti, mentre sono state gi\u00e0 fissate le gare di andata e di ritorno, il 5 e il 19 marzo. Il Santa Croce avr\u00e0 tempo per preparasi alle due gare e approfitter\u00e0 della pausa in campionato di domenica prossima, per lavorare e trovare la giusta condizione per il rush finale della stagione agonistica.<\/p>\n<p style=\"text-align: right;\"><strong>Fabio Fichera<\/strong><\/p>\n","protected":false},"excerpt":{"rendered":"<p>La grande esperienza e la spinta di capitan Calogero\u00a0La Vaccara (nella foto)\u00a0consentono al Santa Croce di conquistare un prezioso pareggio sul campo dell\u2019Accademia Empedoclina, contro una rivale concorrente per la salvezza diretta. Il pareggio conseguito sul campo, grazie alle due reti messe a segno dal capitano biancazzurro, \u00e8 servito a dare una scossa alla squadra, [&hellip;]<\/p>\n","protected":false},"author":34,"featured_media":13569,"comment_status":"open","ping_status":"open","sticky":false,"template":"","format":"standard","meta":{"footnotes":""},"categories":[1,3],"tags":[],"class_list":["post-13567","post","type-post","status-publish","format-standard","has-post-thumbnail","hentry","category-news","category-sport"],"_links":{"self":[{"href":"https:\/\/www.santacroceweb.com\/index.php\/wp-json\/wp\/v2\/posts\/13567","targetHints":{"allow":["GET"]}}],"collection":[{"href":"https:\/\/www.santacroceweb.com\/index.php\/wp-json\/wp\/v2\/posts"}],"about":[{"href":"https:\/\/www.santacroceweb.com\/index.php\/wp-json\/wp\/v2\/types\/post"}],"author":[{"embeddable":true,"href":"https:\/\/www.santacroceweb.com\/index.php\/wp-json\/wp\/v2\/users\/34"}],"replies":[{"embeddable":true,"href":"https:\/\/www.santacroceweb.com\/index.php\/wp-json\/wp\/v2\/comments?post=13567"}],"version-history":[{"count":0,"href":"https:\/\/www.santacroceweb.com\/index.php\/wp-json\/wp\/v2\/posts\/13567\/revisions"}],"wp:featuredmedia":[{"embeddable":true,"href":"https:\/\/www.santacroceweb.com\/index.php\/wp-json\/wp\/v2\/media\/13569"}],"wp:attachment":[{"href":"https:\/\/www.santacroceweb.com\/index.php\/wp-json\/wp\/v2\/media?parent=13567"}],"wp:term":[{"taxonomy":"category","embeddable":true,"href":"https:\/\/www.santacroceweb.com\/index.php\/wp-json\/wp\/v2\/categories?post=13567"},{"taxonomy":"post_tag","embeddable":true,"href":"https:\/\/www.santacroceweb.com\/index.php\/wp-json\/wp\/v2\/tags?post=13567"}],"curies":[{"name":"wp","href":"https:\/\/api.w.org\/{rel}","templated":true}]}}