{"id":14076,"date":"2014-03-15T15:10:31","date_gmt":"2014-03-15T14:10:31","guid":{"rendered":"http:\/\/www.santacroceweb.com\/giornale1\/?p=14076"},"modified":"2014-03-16T13:43:44","modified_gmt":"2014-03-16T12:43:44","slug":"san-giuseppe-si-parte-questa-sera-con-la-discesa-del-santo-tutto-il-programma-della-festa","status":"publish","type":"post","link":"https:\/\/www.santacroceweb.com\/index.php\/2014\/03\/15\/san-giuseppe-si-parte-questa-sera-con-la-discesa-del-santo-tutto-il-programma-della-festa\/","title":{"rendered":"San Giuseppe, si comincia con la discesa del simulacro: ecco tutto il programma della Festa"},"content":{"rendered":"<p style=\"text-align: justify;\">La festa di San Giuseppe \u00e8 senza dubbio l\u2019evento religioso principale di Santa Croce Camerina, che comincia gi\u00e0 una settimana prima con la discesa del Santo dall\u2019altare su cui \u00e8 custodito per essere posizionato in una delle navate laterali, a stretto contatto con i fedeli. Il paese intero vive questi giorni con grande intensit\u00e0 e partecipazione. Molte famiglie, le stesse scuole e qualche associazione, organizzano le tradizionali \u201cCene\u201d in segno di devozione al Santo, ma anche per tramandare un importante segno culturale e storico che caratterizza Santa Croce. La festa entrer\u00e0 nel vivo gi\u00e0 mercoled\u00ec 19 marzo alle 20.30 in piazza V.Emanuele con il concerto sinfonico del corpo musicale &#8220;Risveglio Bandistico Camarinense&#8221; diretto dal maestro Giuseppe Zisa. Il culmine dei festeggiamenti verr\u00e0 toccato sabato 22 marzo con uno spettacolo musicale in piazza Vittorio Emanuele, dove alle 21:30 si esibiranno numerosi artisti della musica, del canto e della danza, capeggiati dal famoso musicista e direttore d\u2019orchestra Peppe Arezzo. Ma l\u2019apoteosi verr\u00e0 toccata domenica 23 marzo quando, sin dalla mattina la piazza principale ospiter\u00e0 la vendita all\u2019asta dei prodotti offerti dalla collettivit\u00e0 e, allo scoccare del mezzogiorno, si proceder\u00e0 alla benedizione delle \u201cCene\u201d. Alle 17, invece, San Giuseppe scender\u00e0 ad accogliere l\u2019 abbraccio della folla ed in piazza sar\u00e0 un tripudio di luci, colori e suoni. Dopo la lunga processione, che attraverser\u00e0 quasi del tutto il paese, l\u2019entrata del Patrono sar\u00e0 accompagnata da giochi pirotecnici spettacolari. Santa Croce Web cercher\u00e0 di cogliere, anche quest\u2019anno, i momenti pi\u00f9 suggestivi di questi giorni, custodendoli in un video in modo da poter essere visti e rivisti anche da chi non potr\u00e0 essere presente. Partecipate numerosi\u2026<\/p>\n<p style=\"text-align: right;\"><strong>Antonella Galuppi<\/strong><\/p>\n<p style=\"text-align: center;\"><a href=\"https:\/\/www.santacroceweb.com\/giornale1\/wp-content\/uploads\/2014\/03\/photo16.jpg\"><img fetchpriority=\"high\" decoding=\"async\" class=\"aligncenter size-medium wp-image-14078 lazyload\" title=\"photo1\" src=\"data:image\/gif;base64,R0lGODlhAQABAAAAACH5BAEKAAEALAAAAAABAAEAAAICTAEAOw==\" data-src=\"https:\/\/www.santacroceweb.com\/giornale1\/wp-content\/uploads\/2014\/03\/photo16-225x300.jpg\" alt=\"\" width=\"225\" height=\"300\" data-sizes=\"auto\" data-srcset=\"https:\/\/www.santacroceweb.com\/giornale1\/wp-content\/uploads\/2014\/03\/photo16-225x300.jpg 225w, https:\/\/www.santacroceweb.com\/giornale1\/wp-content\/uploads\/2014\/03\/photo16.jpg 721w\" sizes=\"(max-width: 225px) 100vw, 225px\" \/><\/a><\/p>\n<p style=\"text-align: center;\"><a href=\"https:\/\/www.santacroceweb.com\/giornale1\/wp-content\/uploads\/2014\/03\/1922447_10202732002294189_1169051800_n1.jpg\"><img decoding=\"async\" class=\"aligncenter size-medium wp-image-14114 lazyload\" title=\"1922447_10202732002294189_1169051800_n[1]\" src=\"data:image\/gif;base64,R0lGODlhAQABAAAAACH5BAEKAAEALAAAAAABAAEAAAICTAEAOw==\" data-src=\"https:\/\/www.santacroceweb.com\/giornale1\/wp-content\/uploads\/2014\/03\/1922447_10202732002294189_1169051800_n1-209x300.jpg\" alt=\"\" width=\"209\" height=\"300\" \/><\/a><\/p>\n<p style=\"text-align: center;\"><a href=\"https:\/\/www.santacroceweb.com\/giornale1\/wp-content\/uploads\/2014\/03\/photo22.jpg\"><img decoding=\"async\" class=\"aligncenter size-medium wp-image-14079 lazyload\" title=\"photo2\" src=\"data:image\/gif;base64,R0lGODlhAQABAAAAACH5BAEKAAEALAAAAAABAAEAAAICTAEAOw==\" data-src=\"https:\/\/www.santacroceweb.com\/giornale1\/wp-content\/uploads\/2014\/03\/photo22-210x300.jpg\" alt=\"\" width=\"210\" height=\"300\" data-sizes=\"auto\" data-srcset=\"https:\/\/www.santacroceweb.com\/giornale1\/wp-content\/uploads\/2014\/03\/photo22-210x300.jpg 210w, https:\/\/www.santacroceweb.com\/giornale1\/wp-content\/uploads\/2014\/03\/photo22-768x1097.jpg 768w, https:\/\/www.santacroceweb.com\/giornale1\/wp-content\/uploads\/2014\/03\/photo22-717x1024.jpg 717w, https:\/\/www.santacroceweb.com\/giornale1\/wp-content\/uploads\/2014\/03\/photo22.jpg 1434w\" sizes=\"(max-width: 210px) 100vw, 210px\" \/><\/a><\/p>\n","protected":false},"excerpt":{"rendered":"<p>La festa di San Giuseppe \u00e8 senza dubbio l\u2019evento religioso principale di Santa Croce Camerina, che comincia gi\u00e0 una settimana prima con la discesa del Santo dall\u2019altare su cui \u00e8 custodito per essere posizionato in una delle navate laterali, a stretto contatto con i fedeli. Il paese intero vive questi giorni con grande intensit\u00e0 e [&hellip;]<\/p>\n","protected":false},"author":4,"featured_media":14093,"comment_status":"open","ping_status":"open","sticky":false,"template":"","format":"standard","meta":{"footnotes":""},"categories":[8,1,11],"tags":[],"class_list":["post-14076","post","type-post","status-publish","format-standard","has-post-thumbnail","hentry","category-attualita","category-news","category-primopiano"],"_links":{"self":[{"href":"https:\/\/www.santacroceweb.com\/index.php\/wp-json\/wp\/v2\/posts\/14076","targetHints":{"allow":["GET"]}}],"collection":[{"href":"https:\/\/www.santacroceweb.com\/index.php\/wp-json\/wp\/v2\/posts"}],"about":[{"href":"https:\/\/www.santacroceweb.com\/index.php\/wp-json\/wp\/v2\/types\/post"}],"author":[{"embeddable":true,"href":"https:\/\/www.santacroceweb.com\/index.php\/wp-json\/wp\/v2\/users\/4"}],"replies":[{"embeddable":true,"href":"https:\/\/www.santacroceweb.com\/index.php\/wp-json\/wp\/v2\/comments?post=14076"}],"version-history":[{"count":0,"href":"https:\/\/www.santacroceweb.com\/index.php\/wp-json\/wp\/v2\/posts\/14076\/revisions"}],"wp:featuredmedia":[{"embeddable":true,"href":"https:\/\/www.santacroceweb.com\/index.php\/wp-json\/wp\/v2\/media\/14093"}],"wp:attachment":[{"href":"https:\/\/www.santacroceweb.com\/index.php\/wp-json\/wp\/v2\/media?parent=14076"}],"wp:term":[{"taxonomy":"category","embeddable":true,"href":"https:\/\/www.santacroceweb.com\/index.php\/wp-json\/wp\/v2\/categories?post=14076"},{"taxonomy":"post_tag","embeddable":true,"href":"https:\/\/www.santacroceweb.com\/index.php\/wp-json\/wp\/v2\/tags?post=14076"}],"curies":[{"name":"wp","href":"https:\/\/api.w.org\/{rel}","templated":true}]}}