{"id":14654,"date":"2014-04-03T11:30:02","date_gmt":"2014-04-03T09:30:02","guid":{"rendered":"http:\/\/www.santacroceweb.com\/giornale1\/?p=14654"},"modified":"2014-04-03T15:18:15","modified_gmt":"2014-04-03T13:18:15","slug":"punta-secca-nuove-polemiche-sullex-caserma-pernice-metodo-ancora-una-volta-inaccettabile","status":"publish","type":"post","link":"https:\/\/www.santacroceweb.com\/index.php\/2014\/04\/03\/punta-secca-nuove-polemiche-sullex-caserma-pernice-metodo-ancora-una-volta-inaccettabile\/","title":{"rendered":"Punta Secca, nuove polemiche sull\u2019ex caserma. Pernice: &#8220;Metodo ancora una volta inaccettabile&#8221;"},"content":{"rendered":"<p style=\"text-align: justify;\">Un tavolo di confronto \u201caperto\u201d alla citt\u00e0. Con la presenza delle forze politiche e delle categorie produttive che dovranno condividere il progetto di recupero dell\u2019ex caserma della Finanza di Punta Secca. I gruppi di minoranza bocciano in toto l\u2019idea progettuale dell\u2019amministrazione Iurato e parlano di una scelta assurda maturata tra le mura di palazzo di citt\u00e0. Nessun belvedere sul mare di Montalbano ma un\u2019idea progettuale pi\u00f9 ampia con un concorso di idee aperto ai giovani professionisti. \u00abAbbiamo contestato il metodo utilizzato &#8211; spiega il consigliere comunale di minoranza, Gaetano Pernice &#8211; ancora una volta si ignorano le richieste che provengono dalla citt\u00e0 e dalle forze politiche cosidette di opposizione. Sarebbe stato pi\u00f9 opportuno, in una logica progettuale pi\u00f9 condivisa possibile, chiedere il coinvolgimento degli ordini professionisti per esprimere il loro parere dal punto di vista tecnico\u00bb. Un concorso di idee aperto ai giovani professionisti laureati in architettura. \u00abUn\u2019idea per premiare la migliore proposta progettuale attraverso un elaborato che doveva essere esaminato da una commissione ad hoc nominata dall&#8217;amministrazione comunale &#8211; aggiunge Pernice &#8211; la nostra grande preoccupazione \u00e8 legata ai vincoli determinanti da parte della Soprintendenza di Ragusa. Si rischia di arrecare un danno erariale alle casse dell\u2019ente. L\u2019ipotesi progettuale dell\u2019amministrazione prevede un grande belvedere sul mare. Secondo noi va concertato sia con gli enti pubblici interessati, vedi Capitaneria di porto e Soprintendenza, che con la cittadinanza\u00bb. L\u2019ufficio tecnico, con il dirigente Mariangela Mormina, ha elaborato un fitto carteggio da sottoporre all\u2019attenzione degli enti preposti. La caserma, da oltre un decennio, \u00e8 un condizione di estremo degrado e andrebbe demolita. L&#8217;immobile costituisce, allo stato attuale, un pericolo per la pubblica incolumit\u00e0.<\/p>\n<p style=\"text-align: right;\"><strong>Fonte: Il Giornale di Sicilia<\/strong><\/p>\n","protected":false},"excerpt":{"rendered":"<p>Un tavolo di confronto \u201caperto\u201d alla citt\u00e0. Con la presenza delle forze politiche e delle categorie produttive che dovranno condividere il progetto di recupero dell\u2019ex caserma della Finanza di Punta Secca. I gruppi di minoranza bocciano in toto l\u2019idea progettuale dell\u2019amministrazione Iurato e parlano di una scelta assurda maturata tra le mura di palazzo di [&hellip;]<\/p>\n","protected":false},"author":34,"featured_media":14655,"comment_status":"open","ping_status":"open","sticky":false,"template":"","format":"standard","meta":{"footnotes":""},"categories":[1,4],"tags":[],"class_list":["post-14654","post","type-post","status-publish","format-standard","has-post-thumbnail","hentry","category-news","category-politica"],"_links":{"self":[{"href":"https:\/\/www.santacroceweb.com\/index.php\/wp-json\/wp\/v2\/posts\/14654","targetHints":{"allow":["GET"]}}],"collection":[{"href":"https:\/\/www.santacroceweb.com\/index.php\/wp-json\/wp\/v2\/posts"}],"about":[{"href":"https:\/\/www.santacroceweb.com\/index.php\/wp-json\/wp\/v2\/types\/post"}],"author":[{"embeddable":true,"href":"https:\/\/www.santacroceweb.com\/index.php\/wp-json\/wp\/v2\/users\/34"}],"replies":[{"embeddable":true,"href":"https:\/\/www.santacroceweb.com\/index.php\/wp-json\/wp\/v2\/comments?post=14654"}],"version-history":[{"count":0,"href":"https:\/\/www.santacroceweb.com\/index.php\/wp-json\/wp\/v2\/posts\/14654\/revisions"}],"wp:featuredmedia":[{"embeddable":true,"href":"https:\/\/www.santacroceweb.com\/index.php\/wp-json\/wp\/v2\/media\/14655"}],"wp:attachment":[{"href":"https:\/\/www.santacroceweb.com\/index.php\/wp-json\/wp\/v2\/media?parent=14654"}],"wp:term":[{"taxonomy":"category","embeddable":true,"href":"https:\/\/www.santacroceweb.com\/index.php\/wp-json\/wp\/v2\/categories?post=14654"},{"taxonomy":"post_tag","embeddable":true,"href":"https:\/\/www.santacroceweb.com\/index.php\/wp-json\/wp\/v2\/tags?post=14654"}],"curies":[{"name":"wp","href":"https:\/\/api.w.org\/{rel}","templated":true}]}}