{"id":1497,"date":"2013-01-26T07:18:28","date_gmt":"2013-01-26T06:18:28","guid":{"rendered":"http:\/\/www.santacroceweb.com\/giornale1\/?p=1497"},"modified":"2013-01-26T10:58:58","modified_gmt":"2013-01-26T09:58:58","slug":"sicurezza-e-manutenzione-ordinaria-mandara-e-critico-lamministrazione-non-vedo-progettualita","status":"publish","type":"post","link":"https:\/\/www.santacroceweb.com\/index.php\/2013\/01\/26\/sicurezza-e-manutenzione-ordinaria-mandara-e-critico-lamministrazione-non-vedo-progettualita\/","title":{"rendered":"Sicurezza e manutenzione ordinaria, Mandar\u00e0: &#8220;L&#8217;amministrazione? Non vedo progettualit\u00e0&#8221;"},"content":{"rendered":"<p style=\"text-align: justify;\">Che a Santa Croce Camerina la sicurezza dei cittadini stesse per vacillare ce ne eravamo accorti da qualche anno, ma che gli episodi criminosi diventassero pi\u00f9 frequenti, toccando a volte livelli pi\u00f9 elevati: a questo non saremmo voluti mai giungere. La rapina ad una gioielleria, lo scorso anno, e quella recentissima all\u2019ufficio postale, tanto per citare quelle pi\u00f9 altisonanti, sono dei veri e propri campanelli d\u2019allarme. Senza contare i furti perpetrati nelle residenze estive, nelle aziende agricole e nelle abitazioni cittadine, che mettono in risalto un crescente numero di episodi legati alla microcriminalit\u00e0 e che dovrebbero essere contenuti il pi\u00f9 possibile. A tal proposito, il segretario del Movimento \u2018Tutti per Santa Croce\u2019, Piero Mandar\u00e0, ha espresso il proprio parere: \u201cLa sicurezza a Santa Croce va affrontata nelle sedi istituzionali con estremo rigore. Occorre un\u2019azione forte in Prefettura per chiedere un controllo capillare del territorio. Fino ad ora abbiamo visto poco o nulla\u201d. Con queste parole Mandar\u00e0 vuole scuotere l\u2019amministrazione comunale affinch\u00e9 provveda a questo bisogno di protezione dei cittadini, che vuol essere anche una critica al suo operato globale. \u201cNessun progetto \u00e8 stato realizzato \u2013 ha continuato Piero Mandar\u00e0 \u2013 neppure la pi\u00f9 elementare manutenzione ordinaria, come il rifacimento delle arterie stradali cittadine, con troppe buche e avallamenti che necessitano di un\u2019opera di rifacimento. Parte degli introiti dell\u2019IMU potrebbero essere reinvestiti nel territorio. Occorrono interventi migliorativi per far conoscere le bellezze del nostro meraviglioso territorio. Non basta lamentarsi e criticare quello che gli altri non hanno fatto. L\u2019amministrazione deve promuovere un\u2019operazione di marketing ad ampio respiro\u201d.\u00a0 In merito a ci\u00f2, il segretario del Movimento \u2018Tutti per Santa Croce\u2019 tende a precisare che anche da un punto di vista organizzativo e culturale, l\u2019amministrazione non ha realizzato nulla di veramente \u2018suo\u2019. \u201cTutto quello che \u00e8 stato organizzato \u2013 ha aggiunto Mandar\u00e0 \u2013 nasce dalla spontanea attivit\u00e0 di associazioni culturali e ricreative che hanno sperimentato nuove modalit\u00e0 di intrattenimento per richiamare quante pi\u00f9 persone possibili. Per\u00f2 un Comune non pu\u00f2 basarsi solo sul loro supporto, pur se importantissimo, ma dovrebbe, casomai, fare il contrario: farsi coadiuvare dalle associazioni e agire in prima persona\u201d. Una serie di suggerimenti, non proprio velati, per ovviare ai piccoli grandi problemi di un paese in continua evoluzione socio-culturale come Santa Croce.<\/p>\n<p style=\"text-align: right;\"><strong>Redazione<\/strong><\/p>\n","protected":false},"excerpt":{"rendered":"<p>Che a Santa Croce Camerina la sicurezza dei cittadini stesse per vacillare ce ne eravamo accorti da qualche anno, ma che gli episodi criminosi diventassero pi\u00f9 frequenti, toccando a volte livelli pi\u00f9 elevati: a questo non saremmo voluti mai giungere. La rapina ad una gioielleria, lo scorso anno, e quella recentissima all\u2019ufficio postale, tanto per [&hellip;]<\/p>\n","protected":false},"author":34,"featured_media":1500,"comment_status":"open","ping_status":"open","sticky":false,"template":"","format":"standard","meta":{"footnotes":""},"categories":[1,4,11],"tags":[],"class_list":["post-1497","post","type-post","status-publish","format-standard","has-post-thumbnail","hentry","category-news","category-politica","category-primopiano"],"_links":{"self":[{"href":"https:\/\/www.santacroceweb.com\/index.php\/wp-json\/wp\/v2\/posts\/1497","targetHints":{"allow":["GET"]}}],"collection":[{"href":"https:\/\/www.santacroceweb.com\/index.php\/wp-json\/wp\/v2\/posts"}],"about":[{"href":"https:\/\/www.santacroceweb.com\/index.php\/wp-json\/wp\/v2\/types\/post"}],"author":[{"embeddable":true,"href":"https:\/\/www.santacroceweb.com\/index.php\/wp-json\/wp\/v2\/users\/34"}],"replies":[{"embeddable":true,"href":"https:\/\/www.santacroceweb.com\/index.php\/wp-json\/wp\/v2\/comments?post=1497"}],"version-history":[{"count":0,"href":"https:\/\/www.santacroceweb.com\/index.php\/wp-json\/wp\/v2\/posts\/1497\/revisions"}],"wp:featuredmedia":[{"embeddable":true,"href":"https:\/\/www.santacroceweb.com\/index.php\/wp-json\/wp\/v2\/media\/1500"}],"wp:attachment":[{"href":"https:\/\/www.santacroceweb.com\/index.php\/wp-json\/wp\/v2\/media?parent=1497"}],"wp:term":[{"taxonomy":"category","embeddable":true,"href":"https:\/\/www.santacroceweb.com\/index.php\/wp-json\/wp\/v2\/categories?post=1497"},{"taxonomy":"post_tag","embeddable":true,"href":"https:\/\/www.santacroceweb.com\/index.php\/wp-json\/wp\/v2\/tags?post=1497"}],"curies":[{"name":"wp","href":"https:\/\/api.w.org\/{rel}","templated":true}]}}