{"id":15676,"date":"2014-05-07T17:41:14","date_gmt":"2014-05-07T15:41:14","guid":{"rendered":"http:\/\/www.santacroceweb.com\/giornale1\/?p=15676"},"modified":"2014-05-07T17:41:31","modified_gmt":"2014-05-07T15:41:31","slug":"punta-secca-e-ztl-il-circolo-meridiana-e-critico-perche-spendere-50mila-euro-per-controllare-i-varchi","status":"publish","type":"post","link":"https:\/\/www.santacroceweb.com\/index.php\/2014\/05\/07\/punta-secca-e-ztl-il-circolo-meridiana-e-critico-perche-spendere-50mila-euro-per-controllare-i-varchi\/","title":{"rendered":"P. Secca e Ztl, il Circolo Meridiana \u00e8 critico: &#8220;Perch\u00e9 spendere 50mila euro per controllare i varchi?&#8221;"},"content":{"rendered":"<p style=\"text-align: justify;\">La Giunta municipale, nel corso della seduta dello scorso 8 aprile, ha emanato una delibera, la n. 80, che ha intitolato \u201cRealizzazione di un varco Ztl (zona a traffico limitato) a P.Secca e modifiche alla rete radio dell\u2019impianto di videosorveglianza territoriale\u201d. &#8220;Che nesso hanno tra di loro questi due interventi? &#8211; si chiede in una nota il Circolo Meridiana di Santa Croce Camerina &#8211; Non ci \u00e8 dato sapere. Ma non \u00e8 finita! Il bello deve ancora venire! Nella stessa delibera infatti la Giunta municipale fa una premessa ricordando di aver istituito prima dell\u2019estate 2013 una Zona a traffico limitato (Ztl) nel centro di Punta Secca e \u201cche detta sperimentazione ha sortito gli effetti sperati\u201d. Ci scusino, lor signori, quali sono stati gli \u201ceffetti sperati\u201d? Quelli che i commercianti della borgata hanno diminuito sensibilmente i loro affari? Ma andiamo avanti. Si legge ancora che, in assenza di polizia municipale che vigilasse, molti automobilisti hanno violato l\u2019ingresso di tale zona e che \u201cappare opportuno ed indispensabile procedere alla realizzazione di un varco Ztl di sorveglianza per l\u2019identificazione dei veicoli\u201d che violano tale varco. Ergo, la Giunta municipale, si pensa, vuole riattivare anche per la prossima estate la zona Ztl a P.Secca e vuole istallare, in parallelo, gi\u00e0 da quest\u2019anno, un sistema per identificare i trasgressori che varcano l\u2019ingresso di tale zona. Per fare ci\u00f2 l\u2019amministrazione comunale, sostiene, che \u201cper garantire il corretto funzionamento dell\u2019intero impianto di videosorveglianza territoriale, al quale detto varco Ztl dovr\u00e0 necessariamente agganciarsi, occorre apportare allo stesso (cio\u00e8 all\u2019impianto di videosorveglianza) delle modifiche\u201d. La delibera prosegue sostenendo \u201cche da una ricognizione degli atti d\u2019ufficio e dalla conseguente indagine di mercato svolta \u00e8 emerso che per realizzare l\u2019intervento occorre una somma complessivamente non inferiore a \u20ac 50.000,00\u201d. A questo punto le domande sorgono spontanee. Perch\u00e9, se c\u2019\u00e8 gi\u00e0 un finanziamento per l\u2019impianto di videosorveglianza territoriale da parte di enti esterni, occorre che l\u2019amministrazione comunale debba spendere altri 50.000 \u20ac per un adeguamento di una sola zona del territorio comunale? E\u2019 pertinente e congrua questa spesa in rapporto al controllo di un varco per i trasgressori di una Ztl funzionante per tre mesi l\u2019anno? Si \u00e8 sicuri che l\u2019adeguamento al sistema di videosorveglianza riesca ad essere portato a termine entro l\u2019inizio della attivazione della Ztl, prevista per il 30 giugno? Ammesso che tale intervento di adeguamento sia funzionale al controllo del varco della Ztl, siamo sicuri che basta una spesa di 50 mila euro o, invece, ne servano molti di pi\u00f9? Non sarebbe pi\u00f9 economico fare controllare il varco a figure di ausiliari esterni del traffico o ad altre figure incaricate dal sindaco, la cui spesa, anche con un controllo 24 ore su 24, non sia molto meno della met\u00e0 di quella preventivata? Chiss\u00e0 se la Giunta municipale ci dar\u00e0 delle risposte\u2026&#8221;.<\/p>\n<p style=\"text-align: right;\"><strong>Redazione<\/strong><\/p>\n","protected":false},"excerpt":{"rendered":"<p>La Giunta municipale, nel corso della seduta dello scorso 8 aprile, ha emanato una delibera, la n. 80, che ha intitolato \u201cRealizzazione di un varco Ztl (zona a traffico limitato) a P.Secca e modifiche alla rete radio dell\u2019impianto di videosorveglianza territoriale\u201d. &#8220;Che nesso hanno tra di loro questi due interventi? &#8211; si chiede in una [&hellip;]<\/p>\n","protected":false},"author":34,"featured_media":15677,"comment_status":"open","ping_status":"open","sticky":false,"template":"","format":"standard","meta":{"footnotes":""},"categories":[1,4],"tags":[],"class_list":["post-15676","post","type-post","status-publish","format-standard","has-post-thumbnail","hentry","category-news","category-politica"],"_links":{"self":[{"href":"https:\/\/www.santacroceweb.com\/index.php\/wp-json\/wp\/v2\/posts\/15676","targetHints":{"allow":["GET"]}}],"collection":[{"href":"https:\/\/www.santacroceweb.com\/index.php\/wp-json\/wp\/v2\/posts"}],"about":[{"href":"https:\/\/www.santacroceweb.com\/index.php\/wp-json\/wp\/v2\/types\/post"}],"author":[{"embeddable":true,"href":"https:\/\/www.santacroceweb.com\/index.php\/wp-json\/wp\/v2\/users\/34"}],"replies":[{"embeddable":true,"href":"https:\/\/www.santacroceweb.com\/index.php\/wp-json\/wp\/v2\/comments?post=15676"}],"version-history":[{"count":0,"href":"https:\/\/www.santacroceweb.com\/index.php\/wp-json\/wp\/v2\/posts\/15676\/revisions"}],"wp:featuredmedia":[{"embeddable":true,"href":"https:\/\/www.santacroceweb.com\/index.php\/wp-json\/wp\/v2\/media\/15677"}],"wp:attachment":[{"href":"https:\/\/www.santacroceweb.com\/index.php\/wp-json\/wp\/v2\/media?parent=15676"}],"wp:term":[{"taxonomy":"category","embeddable":true,"href":"https:\/\/www.santacroceweb.com\/index.php\/wp-json\/wp\/v2\/categories?post=15676"},{"taxonomy":"post_tag","embeddable":true,"href":"https:\/\/www.santacroceweb.com\/index.php\/wp-json\/wp\/v2\/tags?post=15676"}],"curies":[{"name":"wp","href":"https:\/\/api.w.org\/{rel}","templated":true}]}}