{"id":16287,"date":"2014-05-30T08:16:55","date_gmt":"2014-05-30T06:16:55","guid":{"rendered":"http:\/\/www.santacroceweb.com\/giornale1\/?p=16287"},"modified":"2014-05-30T09:08:33","modified_gmt":"2014-05-30T07:08:33","slug":"santa-croce-kaos-magna-grecia-il-resoconto-delliniziativa-culturale-che-fa-crescere-il-turismo","status":"publish","type":"post","link":"https:\/\/www.santacroceweb.com\/index.php\/2014\/05\/30\/santa-croce-kaos-magna-grecia-il-resoconto-delliniziativa-culturale-che-fa-crescere-il-turismo\/","title":{"rendered":"&#8216;Santa Croce kaos Magna Grecia&#8217;: il resoconto dell&#8217;iniziativa culturale che fa crescere il turismo"},"content":{"rendered":"<p style=\"text-align: justify;\">Luned\u00ec 26 maggio si \u00e8 costituito lo staff del neonato progetto &#8216;Santa Croce Camerina kaos Magna Grecia&#8217;, un&#8217;iniziativa privata che rientra a pieno titolo nel turismo culturale per investire nel marketing territoriale. Con partenza alle 9.30 dal caff\u00e8 Mokambo e l&#8217;ausilio di un pulmino della ditta Elios trasporti, il gruppo ha sperimentato il primo tour turistico come un momento di ricognizione e ha prontamente raggiunto contrada Mezzagnone, un sito definito molto interessante dal punto di vista archeologico che conserva praticamente intatti due hamman all&#8217;interno di un mausoleo familiare. Non \u00e8 stato possibile accedere all&#8217;intera area per effettuare la visita prevista. La tappa successiva \u00e8 stata presso il museo archeologico di Kamarina, dove il dottore Di Stefano, dirigente e responsabile del centro, ha reso possibile che il progetto, seppur in fase iniziale e perci\u00f2 soggetto inevitabilmente a possibili cambiamenti, fosse esposto. Entusiasta e disponibile, quest &#8216;ultimo ha accettato una possibile collaborazione attiva per il futuro, illustrando altres\u00ec i prossimi appuntamenti per alcune manifestazioni culturali che vedranno protagonista il Museo. All&#8217;interno della struttura di Kamarina, Gianni Giacchi, citato come pittore, ritrattista ed eccellente grafico,che far\u00e0 parte dello staff del progetto, ha spiegato le principali vicende storiche dell&#8217;area archeologica e della sede museale.<\/p>\n<p style=\"text-align: justify;\">Il Museo raccoglie la documentazione archeologica del territorio camarinense dall&#8217;et\u00e0 preistorica a quella medievale, esposta secondo un doppio criterio cronologico e topografico. I materiali provengono principalmente dalle attivit\u00e0 di scavo effettuate da P. Orsi, A. Di Vita, P. Pelagatti (a quest&#8217; ultima, la \u00a0signora Paola Pelegatti, \u00e8 stato riservato un momento di ricordo, perch\u00e9 negli anni settanta, come ha riferito il signor Alabiso, usava fare sosta proprio al Caff\u00e8 Mokambo con consuetudine e con piacere per gustare le prelibatezze dolciarie del posto) e G. Di Stefano nella necropoli, nell&#8217;abitato e nell&#8217;area rotto portuale; alcune vetrine contengono oggetti di provenienza sporadica ed esemplari delle collezioni Carratello e Pace. Particolare interesse riveste il Padiglione delle Anfore, che, ricavato dalla cantina della masseria, ospita, disposta su due livelli, una collezione tra le pi\u00f9 ricche e rappresentative di tutto il Mediterraneo. Infine la Sezione Subacquea, nata dal recupero di otto relitti e in parte da ritrovamenti occasionali, si segnala per l&#8217;abbondanza di reperti di pregevole fattura e rarit\u00e0, utili alla ricostruzione sia dei traffici commerciali di cui la citt\u00e0 era tappa, sia della vita della citt\u00e0 stessa. La mattinata \u00e8 proseguita, cos\u00ec come era stato programmato, facendo sosta presso l&#8217;area archeologica di Caucana il cui ricordo \u00e8 legato alla vocazione portuale del sito da dove partivano le comunicazioni per Malta e la costa nord-africana.<\/p>\n<p style=\"text-align: justify;\">L&#8217; intera area si trova situata ad Est di Punta Secca, in localit\u00e0 Anticaglie, in un uno stato di evidente abbandono e anche in questo caso non \u00e8 stato possibile accedervi. I resti dei quartieri, distribuiti lungo la costa, sono coperti da una spessa coltre sabbiosa e di vegetazione che necessita un intervento di recupero per ridare dignit\u00e0 all&#8217;intero sito; intervento che appare opportuno debba essere immediato ed eccezionale. L&#8217;intero staff del progetto si propone di proseguire con determinazione e ringrazia coloro i quali hanno mostrato vivace interesse e partecipazione all&#8217;iniziativa. Il progetto, \u00e8 giusto sottolineare, nasce dall\u2019esigenza di promuovere un turismo legato al percorso storico-archeologico del territorio e prevede azioni di promozione e valorizzazione turistica, attraverso itinerari tematici per aumentare \u00a0notevolmente il numero e \u00a0la permanenza dei turisti anche in un\u2019ottica di destagionalizzazione, con l&#8217;immancabile ausilio delle autorit\u00e0 competenti.<\/p>\n<p style=\"text-align: right;\"><strong>Giusy Zisa<\/strong><\/p>\n<p style=\"text-align: center;\"><a href=\"https:\/\/www.santacroceweb.com\/giornale1\/wp-content\/uploads\/2014\/05\/foto38.jpg\"><img fetchpriority=\"high\" decoding=\"async\" class=\"aligncenter size-medium wp-image-16295 lazyload\" title=\"foto\" src=\"data:image\/gif;base64,R0lGODlhAQABAAAAACH5BAEKAAEALAAAAAABAAEAAAICTAEAOw==\" data-src=\"https:\/\/www.santacroceweb.com\/giornale1\/wp-content\/uploads\/2014\/05\/foto38-300x225.jpg\" alt=\"\" width=\"300\" height=\"225\" data-sizes=\"auto\" data-srcset=\"https:\/\/www.santacroceweb.com\/giornale1\/wp-content\/uploads\/2014\/05\/foto38-300x225.jpg 300w, https:\/\/www.santacroceweb.com\/giornale1\/wp-content\/uploads\/2014\/05\/foto38-768x576.jpg 768w, https:\/\/www.santacroceweb.com\/giornale1\/wp-content\/uploads\/2014\/05\/foto38-1024x768.jpg 1024w, https:\/\/www.santacroceweb.com\/giornale1\/wp-content\/uploads\/2014\/05\/foto38-86x64.jpg 86w, https:\/\/www.santacroceweb.com\/giornale1\/wp-content\/uploads\/2014\/05\/foto38.jpg 2048w\" sizes=\"(max-width: 300px) 100vw, 300px\" \/><\/a><\/p>\n<p style=\"text-align: center;\">Area di Caucana ricoperta da vegetazione<\/p>\n<p style=\"text-align: center;\"><a href=\"https:\/\/www.santacroceweb.com\/giornale1\/wp-content\/uploads\/2014\/05\/foto39.jpg\"><img decoding=\"async\" class=\"aligncenter size-medium wp-image-16327 lazyload\" title=\"foto\" src=\"data:image\/gif;base64,R0lGODlhAQABAAAAACH5BAEKAAEALAAAAAABAAEAAAICTAEAOw==\" data-src=\"https:\/\/www.santacroceweb.com\/giornale1\/wp-content\/uploads\/2014\/05\/foto39-300x225.jpg\" alt=\"\" width=\"300\" height=\"225\" data-sizes=\"auto\" data-srcset=\"https:\/\/www.santacroceweb.com\/giornale1\/wp-content\/uploads\/2014\/05\/foto39-300x225.jpg 300w, https:\/\/www.santacroceweb.com\/giornale1\/wp-content\/uploads\/2014\/05\/foto39-768x576.jpg 768w, https:\/\/www.santacroceweb.com\/giornale1\/wp-content\/uploads\/2014\/05\/foto39-1024x768.jpg 1024w, https:\/\/www.santacroceweb.com\/giornale1\/wp-content\/uploads\/2014\/05\/foto39-86x64.jpg 86w, https:\/\/www.santacroceweb.com\/giornale1\/wp-content\/uploads\/2014\/05\/foto39.jpg 2048w\" sizes=\"(max-width: 300px) 100vw, 300px\" \/><\/a><\/p>\n","protected":false},"excerpt":{"rendered":"<p>Luned\u00ec 26 maggio si \u00e8 costituito lo staff del neonato progetto &#8216;Santa Croce Camerina kaos Magna Grecia&#8217;, un&#8217;iniziativa privata che rientra a pieno titolo nel turismo culturale per investire nel marketing territoriale. Con partenza alle 9.30 dal caff\u00e8 Mokambo e l&#8217;ausilio di un pulmino della ditta Elios trasporti, il gruppo ha sperimentato il primo tour [&hellip;]<\/p>\n","protected":false},"author":34,"featured_media":16292,"comment_status":"open","ping_status":"open","sticky":false,"template":"","format":"standard","meta":{"footnotes":""},"categories":[6,1],"tags":[],"class_list":["post-16287","post","type-post","status-publish","format-standard","has-post-thumbnail","hentry","category-culturaespettacolo","category-news"],"_links":{"self":[{"href":"https:\/\/www.santacroceweb.com\/index.php\/wp-json\/wp\/v2\/posts\/16287","targetHints":{"allow":["GET"]}}],"collection":[{"href":"https:\/\/www.santacroceweb.com\/index.php\/wp-json\/wp\/v2\/posts"}],"about":[{"href":"https:\/\/www.santacroceweb.com\/index.php\/wp-json\/wp\/v2\/types\/post"}],"author":[{"embeddable":true,"href":"https:\/\/www.santacroceweb.com\/index.php\/wp-json\/wp\/v2\/users\/34"}],"replies":[{"embeddable":true,"href":"https:\/\/www.santacroceweb.com\/index.php\/wp-json\/wp\/v2\/comments?post=16287"}],"version-history":[{"count":0,"href":"https:\/\/www.santacroceweb.com\/index.php\/wp-json\/wp\/v2\/posts\/16287\/revisions"}],"wp:featuredmedia":[{"embeddable":true,"href":"https:\/\/www.santacroceweb.com\/index.php\/wp-json\/wp\/v2\/media\/16292"}],"wp:attachment":[{"href":"https:\/\/www.santacroceweb.com\/index.php\/wp-json\/wp\/v2\/media?parent=16287"}],"wp:term":[{"taxonomy":"category","embeddable":true,"href":"https:\/\/www.santacroceweb.com\/index.php\/wp-json\/wp\/v2\/categories?post=16287"},{"taxonomy":"post_tag","embeddable":true,"href":"https:\/\/www.santacroceweb.com\/index.php\/wp-json\/wp\/v2\/tags?post=16287"}],"curies":[{"name":"wp","href":"https:\/\/api.w.org\/{rel}","templated":true}]}}