{"id":17910,"date":"2014-07-22T08:26:32","date_gmt":"2014-07-22T06:26:32","guid":{"rendered":"http:\/\/www.santacroceweb.com\/giornale1\/?p=17910"},"modified":"2014-07-21T23:29:46","modified_gmt":"2014-07-21T21:29:46","slug":"trasporto-studenti-pendolari-fdi-scrive-al-sindaco-condizioni-piu-agevoli-per-chi-va-a-scuola","status":"publish","type":"post","link":"https:\/\/www.santacroceweb.com\/index.php\/2014\/07\/22\/trasporto-studenti-pendolari-fdi-scrive-al-sindaco-condizioni-piu-agevoli-per-chi-va-a-scuola\/","title":{"rendered":"Trasporto studenti pendolari, Fdi scrive al sindaco: &#8220;Condizioni pi\u00f9 agevoli per chi va a scuola&#8221;"},"content":{"rendered":"<p style=\"text-align: justify;\">Il circolo locale di Fratelli d&#8217;Italia-Alleanza Nazionale, con largo anticipo sul prossimo anno scolastico, chiede all&#8217;amministrazione comunale che il trasporto dei pendolari verso le scuole della Provincia sia reso pi\u00f9 agevole rispetto a quello appena concluso. Ecco il testo integrale della nota:<\/p>\n<p style=\"text-align: justify;\"><strong>TUTELIAMO I DIRITTI DEI NOSTRI GIOVANI PENDOLARI E DELLE LORO FAMIGLIE!<\/strong><\/p>\n<p style=\"text-align: justify;\">Visto il turbolento anno scolastico da poco terminatosi per i nostri studenti pendolari, cominciato male con le famiglie costrette ad anticipare l&#8217;intero importo dell&#8217;abbonamento per le mensilit\u00e0 di settembre e ottobre, poi rimborsato a dicembre, a causa della mancata approvazione del bilancio da parte dell&#8217;amministrazione comunale, continuato con una serie di disservizi e conclusosi ancora peggio con l&#8217;improvvisa, e non preannunciata, cessazione del servizio l&#8217;ultimo giorno di scuola che ha visto gli studenti dell&#8217;istituto per geometra e dell&#8217;istituto tecnico industriale di Ragusa dover organizzarsi in diverso modo per far rientro a casa, e poich\u00e9 la responsabilit\u00e0 della tutela dei diritti dei nostri giovani pendolari spetta all&#8217;amministrazione comunale, e che finora poco si \u00e8 attivata in tal senso, in vista del nuovo anno scolastico<\/p>\n<div>\n<p style=\"text-align: justify;\">CHIEDIAMO<\/p>\n<p style=\"text-align: justify;\">&#8211; che l&#8217;amministrazione comunale si impegni e si adoperi, entro l&#8217;inizio del nuovo anno scolastico, al recupero delle risorse economiche necessarie affinch\u00e9 le famiglie dei pendolari non siano nuovamente costrette a dover anticipare, per conto dell&#8217;amministrazione comunale, l&#8217;importo dell&#8217;abbonamento relativo alle prime mensilit\u00e0;<\/p>\n<p style=\"text-align: justify;\">&#8211; che il servizio di rinnovo mensile dell&#8217;abbonamento sia espletato nel nostro Comune, come avvenuto fino a qualche anno fa, negli uffici comunali nei giorni e negli orari che l&#8217;amministrazione comunale riterr\u00e0 pi\u00f9 opportuni, evitando cos\u00ec gli innumerevoli pellegrinaggi presso l&#8217;abitazione privata delle titolari della ditta appaltatrice colpevole, da anni, di non essersi mai impegnata a rispettare giorni e orari lavorativi consoni alle esigenze dei propri clienti;<\/p>\n<p style=\"text-align: justify;\">&#8211; che l&#8217;amministrazione comunale trovi, in modo definitivo, un&#8217;intesa logica e coscenziosa con la ditta appaltatrice affinch\u00e9 si eviti un ingiustificato esborso economico ogni qualvolta, per un motivo o per un altro, uno studente si trovi nei primi due o tre giorni del mese ad essere sprovvisto dell&#8217;apposito rinnovo, considerato che comunque, come da contratto, nonostante il tardivo rinnovo, la ditta ricever\u00e0, dalla nostra amministrazione comunale, l&#8217;intero importo valido per le tratte di A\/R dell&#8217;intero mese e non per porzioni di esso;<\/p>\n<p style=\"text-align: justify;\">&#8211; che l&#8217;amministrazione comunale si faccia da garante affinch\u00e9 non ci siano pi\u00f9 pendolari di seria A e pendolari di serie B, garantendo a tutti gli studenti di poter usufruire in egual modo del sevizio di trasporto, istituendo un&#8217;apposita tratta per coloro, finora pi\u00f9 disagiati, che frequentano l&#8217;istituto per geometri e il tecnico industriale, sia per l&#8217;andata che per il ritorno, consono agli orari di inizio e fine delle lezioni e che, per quanto riguarda la tratta di ritorno vista la presenza numerosa di giovani santacrocesi rispetto quelli di altre localit\u00e0 (Marina di Ragusa!), si faccia il giro inverso rispetto quello dello scorso anno, passando prima dal nostro comune;<\/p>\n<p style=\"text-align: justify;\">&#8211; in ultimo, ma non per importanza, che l&#8217;amministrazione comunale si impegni concretamente e con urgenza, in vista della stagione invernale, ad attrezzare al meglio la stazione degli autobus, in modo da consentire adeguato riparo a viaggiatori e turisti, con l&#8217;installazione di pensilline pi\u00f9 accoglienti, di servizi igienici e di apposite bacheche con tutti gli orari di partenza e arrivo delle varie compagnie;<\/p>\n<p style=\"text-align: justify;\">&#8211; altres\u00ec, che si possa avviare, in tempi relativamente brevi, l&#8217;iter per far si che l&#8217;attuale stazione dei pullman possa finalmente definirsi tale, con l&#8217;apertura di un chiosco\/ufficio dedicato a biglietteria ma soprattutto a tutte quelle informazioni turistiche necessarie per fare in modo che i turisti, una volta scesi dai bus, possano avere le idee chiare su dove e come andare e su cosa poter visitare.<\/p>\n<p style=\"text-align: justify;\">Facciamo in modo che quel &#8220;puntiamo sul turismo&#8221; non sia sempre e solo lo spot annunciato, ormai per troppi anni, ma che si possa finalmente dare seguito, con i fatti, a quelle tre semplici parole. Per quanto finora illustrato, chiederemo un opportuno incontro con l&#8217;amministrazione comunale. Invitiamo intanto quanti, genitori e studenti, piuttosto che consiglieri ed esponenti politici locali, interessati a sostenere e portare avanti la nostra proposta, a mettersi in contatto con noi. Sicuri di trovare condivisione in quanti hanno a cuore lo sviluppo del nostro Paese, ma soprattutto la tutela dei diritti dei nostri giovani, rimaniamo in attesa d&#8217; interessanti quanto graditi riscontri.<\/p>\n<p style=\"text-align: right;\"><strong>Redazione<\/strong><\/p>\n<\/div>\n","protected":false},"excerpt":{"rendered":"<p>Il circolo locale di Fratelli d&#8217;Italia-Alleanza Nazionale, con largo anticipo sul prossimo anno scolastico, chiede all&#8217;amministrazione comunale che il trasporto dei pendolari verso le scuole della Provincia sia reso pi\u00f9 agevole rispetto a quello appena concluso. Ecco il testo integrale della nota: TUTELIAMO I DIRITTI DEI NOSTRI GIOVANI PENDOLARI E DELLE LORO FAMIGLIE! Visto il [&hellip;]<\/p>\n","protected":false},"author":34,"featured_media":17915,"comment_status":"open","ping_status":"open","sticky":false,"template":"","format":"standard","meta":{"footnotes":""},"categories":[8,1],"tags":[],"class_list":["post-17910","post","type-post","status-publish","format-standard","has-post-thumbnail","hentry","category-attualita","category-news"],"_links":{"self":[{"href":"https:\/\/www.santacroceweb.com\/index.php\/wp-json\/wp\/v2\/posts\/17910","targetHints":{"allow":["GET"]}}],"collection":[{"href":"https:\/\/www.santacroceweb.com\/index.php\/wp-json\/wp\/v2\/posts"}],"about":[{"href":"https:\/\/www.santacroceweb.com\/index.php\/wp-json\/wp\/v2\/types\/post"}],"author":[{"embeddable":true,"href":"https:\/\/www.santacroceweb.com\/index.php\/wp-json\/wp\/v2\/users\/34"}],"replies":[{"embeddable":true,"href":"https:\/\/www.santacroceweb.com\/index.php\/wp-json\/wp\/v2\/comments?post=17910"}],"version-history":[{"count":0,"href":"https:\/\/www.santacroceweb.com\/index.php\/wp-json\/wp\/v2\/posts\/17910\/revisions"}],"wp:featuredmedia":[{"embeddable":true,"href":"https:\/\/www.santacroceweb.com\/index.php\/wp-json\/wp\/v2\/media\/17915"}],"wp:attachment":[{"href":"https:\/\/www.santacroceweb.com\/index.php\/wp-json\/wp\/v2\/media?parent=17910"}],"wp:term":[{"taxonomy":"category","embeddable":true,"href":"https:\/\/www.santacroceweb.com\/index.php\/wp-json\/wp\/v2\/categories?post=17910"},{"taxonomy":"post_tag","embeddable":true,"href":"https:\/\/www.santacroceweb.com\/index.php\/wp-json\/wp\/v2\/tags?post=17910"}],"curies":[{"name":"wp","href":"https:\/\/api.w.org\/{rel}","templated":true}]}}