{"id":18715,"date":"2014-08-14T18:52:16","date_gmt":"2014-08-14T16:52:16","guid":{"rendered":"http:\/\/www.santacroceweb.com\/giornale1\/?p=18715"},"modified":"2014-08-16T11:25:16","modified_gmt":"2014-08-16T09:25:16","slug":"miss-reginetta-ditalia-a-marina-di-ragusa-la-finale-regionale-e-in-programma-il-17-agosto","status":"publish","type":"post","link":"https:\/\/www.santacroceweb.com\/index.php\/2014\/08\/14\/miss-reginetta-ditalia-a-marina-di-ragusa-la-finale-regionale-e-in-programma-il-17-agosto\/","title":{"rendered":"&#8216;Miss Reginetta d&#8217;Italia&#8217; a Marina di Ragusa: la finale regionale \u00e8 in programma domenica 17 agosto"},"content":{"rendered":"<p style=\"text-align: justify;\">Grande attesa per l\u2019appuntamento con la bellezza, selezionata nelle tappe precedenti, del concorso nazionale Miss Reginetta d\u2019Italia, per la passerella della finale regionale programmata il 17 agosto in Piazza Duca degli Abruzzi a Marina di Ragusa e che vedr\u00e0 la presenza del patron nazionale Devis Paganelli. Miss Reginetta d&#8217;Italia \u00e8 uno dei concorsi di bellezza italiani a diffusione nazionale la cui selezione \u00e8 aperta anche a cittadine straniere, che abbiano comunque domicilio o residenza italiana. Il concorso \u00e8 stato istituito nel 2010 da Devis Paganelli e ha provinato, solo nell&#8217;anno 2012, oltre 2000 candidate. Dall&#8217;edizione iniziale ad oggi \u00e8 entrato a far parte della cerchia dei concorsi di bellezza pi\u00f9 noti, guadagnandosi la diffusione dell&#8217;evento finale su un circuito televisivo nazionale. Dall&#8217;edizione 2013, le aspiranti vincitrici potranno cimentarsi anche in talenti quali il ballo, il canto e la recitazione. La manifestazione, organizzata dalla Style Agency Eventi di Martina Iemolo, ha operato con la professionalit\u00e0 e la creativit\u00e0 della giovanissima titolare, talent scout delle provincie Ragusa e Siracusa, da anni ormai impegnata non solo a scoprire talenti, ma anche a valorizzare opportunamente un territorio bello come la Sicilia. Sfilate di moda, spettacoli musicali, di danza e momenti culturali hanno fatto, nelle tappe precedenti, da cornice a una gara dove le bellezze della provincia di Ragusa e di Siracusa hanno avuto la possibilit\u00e0 di mettersi in mostra e di essere valutate da una giuria qualificata ed esperta, che con enorme difficolt\u00e0 ha giudicato le giovani e belle candidate. Hanno superato il turno e procedono il cammino per la finale regionale le seguenti ragazze:<\/p>\n<p style=\"text-align: justify;\">Annamaria Zavoianu, Kenia Tiralongo, Giulia Dimartino, Rossella Barbini, Nadia Massari, Carla Bon\u00ec, Serena Dipasquale (gi\u00e0 di diritto alle regionali), Francesca Ruggeri, Giulia Caruso, Simona Greco, Simona Gambino, Francesca Sansone, Vittoria Balletta.<\/p>\n<p style=\"text-align: justify;\">Liliana Russo, ex conduttrice radiofonica nonch\u00e9 organizzatrice e conduttrice di attivit\u00e0 artistiche-culturali, curer\u00e0 al meglio la rassegna stampa della manifestazione.\u00a0Si ringraziano, inoltre, Rosita Siciliano, addetta alle pubbliche relazioni, Giuseppe Geraci per il servizio fotografico, Paola Torlone per gli allestimenti, Giovannella Chessari per la coreografia. Interverranno come ospiti di eccezione per la serata Giuseppe Messina, talent scout regionale, Salvatore Mandar\u00e0, presidente regionale Avis-Sicilia, e Rosario Sallemi, direttore generale dell&#8217; agenzia di eventi Agrora&#8217;. Per la stampa Franco Portelli, direttore di Ragusa Oggi, Salvatore Cannata, direttore di Video Regione, Roberto Rubino, ex giornalista &#8220;La Sicilia&#8221; Siracusa e attualmente giornalista di Rete Regione di Siracusa. La redazione del nostro giornale, opportunamente coinvolta nell&#8217;evento, prender\u00e0 parte dalla conferenza stampa di domenica mattina presso il ristorante &#8216;La Falena&#8217; di Marina di Ragusa e vi invita a seguire la manifestazione anche attraverso un collegamento diretto in streaming.<\/p>\n<p style=\"text-align: justify;\"><strong>Conferenza stampa della manifestazione<\/strong><\/p>\n<div data-reactid=\".3u.$mid=11408170285410=2e167305751a5feb164.2:0\">\n<div data-reactid=\".3u.$mid=11408170285410=2e167305751a5feb164.2:0.0\">\n<div data-reactid=\".3u.$mid=11408170285410=2e167305751a5feb164.2:0.0.0\">\n<div style=\"text-align: justify;\" data-reactid=\".3u.$mid=11408170285410=2e167305751a5feb164.2:0.0.0.0\">Domenica 17 Agosto ore 9.00, presso il Ristorante \u201c La Falena\u201d di Marina di Ragusa, si terr\u00e0 la conferenza stampa di presentazione della finale regionale del concorso di bellezza nazionale Miss Reginetta d\u2018Italia che si svolger\u00e0 la sera del 17 Agosto alle ore 21.30, presso la piazza Duca degli Abruzzi di Marina di Ragusa Saranno presenti Devis Paganelli, patron della manifestazione nazionale; Giuseppe Messina talent scout nazionale e responsabile regionale e Martina Iemolo, talent scout responsabile della provincia di Ragusa e di Siracusa. Sono invitati a partecipare i colleghi giornalisti di tutte le redazioni.<\/div>\n<\/div>\n<\/div>\n<\/div>\n<p style=\"text-align: right;\"><strong>Giusy Zisa<\/strong><\/p>\n","protected":false},"excerpt":{"rendered":"<p>Grande attesa per l\u2019appuntamento con la bellezza, selezionata nelle tappe precedenti, del concorso nazionale Miss Reginetta d\u2019Italia, per la passerella della finale regionale programmata il 17 agosto in Piazza Duca degli Abruzzi a Marina di Ragusa e che vedr\u00e0 la presenza del patron nazionale Devis Paganelli. Miss Reginetta d&#8217;Italia \u00e8 uno dei concorsi di bellezza [&hellip;]<\/p>\n","protected":false},"author":34,"featured_media":18716,"comment_status":"open","ping_status":"open","sticky":false,"template":"","format":"standard","meta":{"footnotes":""},"categories":[6,1],"tags":[],"class_list":["post-18715","post","type-post","status-publish","format-standard","has-post-thumbnail","hentry","category-culturaespettacolo","category-news"],"_links":{"self":[{"href":"https:\/\/www.santacroceweb.com\/index.php\/wp-json\/wp\/v2\/posts\/18715","targetHints":{"allow":["GET"]}}],"collection":[{"href":"https:\/\/www.santacroceweb.com\/index.php\/wp-json\/wp\/v2\/posts"}],"about":[{"href":"https:\/\/www.santacroceweb.com\/index.php\/wp-json\/wp\/v2\/types\/post"}],"author":[{"embeddable":true,"href":"https:\/\/www.santacroceweb.com\/index.php\/wp-json\/wp\/v2\/users\/34"}],"replies":[{"embeddable":true,"href":"https:\/\/www.santacroceweb.com\/index.php\/wp-json\/wp\/v2\/comments?post=18715"}],"version-history":[{"count":0,"href":"https:\/\/www.santacroceweb.com\/index.php\/wp-json\/wp\/v2\/posts\/18715\/revisions"}],"wp:featuredmedia":[{"embeddable":true,"href":"https:\/\/www.santacroceweb.com\/index.php\/wp-json\/wp\/v2\/media\/18716"}],"wp:attachment":[{"href":"https:\/\/www.santacroceweb.com\/index.php\/wp-json\/wp\/v2\/media?parent=18715"}],"wp:term":[{"taxonomy":"category","embeddable":true,"href":"https:\/\/www.santacroceweb.com\/index.php\/wp-json\/wp\/v2\/categories?post=18715"},{"taxonomy":"post_tag","embeddable":true,"href":"https:\/\/www.santacroceweb.com\/index.php\/wp-json\/wp\/v2\/tags?post=18715"}],"curies":[{"name":"wp","href":"https:\/\/api.w.org\/{rel}","templated":true}]}}