{"id":18776,"date":"2014-08-18T11:02:38","date_gmt":"2014-08-18T09:02:38","guid":{"rendered":"http:\/\/www.santacroceweb.com\/giornale1\/?p=18776"},"modified":"2014-08-18T11:08:06","modified_gmt":"2014-08-18T09:08:06","slug":"una-settimana-di-vacanza-a-punta-secca-limprenditore-piero-guidi-rapito-da-spiagge-e-tramonti","status":"publish","type":"post","link":"https:\/\/www.santacroceweb.com\/index.php\/2014\/08\/18\/una-settimana-di-vacanza-a-punta-secca-limprenditore-piero-guidi-rapito-da-spiagge-e-tramonti\/","title":{"rendered":"Una settimana di vacanza a Punta Secca: l&#8217;imprenditore Piero Guidi rapito da spiagge e tramonti"},"content":{"rendered":"<p style=\"text-align: justify;\">Punta Secca si conferma anche quest&#8217;anno localit\u00e0 assai gradita ai vip. Il fotografo Gianni Giacchi ha riconosciuto il noto designer e imprenditore Piero Guidi, attuale direttore artistico delle varie linee dell\u2019azienda di famiglia. Guidi, seduto con la moglie su una panchina davanti alla Casa di Montalbano, stava gustando un gelato ma si \u00e8 intrattenuto volentieri per scambiare due chiacchiere sulla nostra localit\u00e0 balneare. La sua vacanza a Punta Secca \u00e8 durata sei giorni.<\/p>\n<p style=\"text-align: justify;\">&#8220;Ho scoperto un posto favoloso &#8211; ha detto Guidi con entusiasmo nella sua conversazione con Giacchi -. Questo \u00e8 il salotto del Mediterraneo, con spiagge incantevoli e tramonti che le avvolgono di una dorata atmosfera. Grazie alla fiction del commissario, Punta Secca sta diventando un luogo di fama internazionale. Io giro il mondo e sento dire a parecchia gente che conosce questo borgo e spera di venire qui per godersi una vacanza in questo posto meraviglioso. L&#8217;economia locale deve puntare su questo fenomeno, che &#8211; avverto a pelle &#8211; sar\u00e0 internazionale, quindi soprattutto i giovani devono investire sul borgo, con una serie di strutture, di locali perch\u00e9 negli anni successivi Punta Secca possa divenire un grande contenitore per i turisti. Non solo per la ficiton ma anche per le bellezze ancora &#8220;vergini&#8221; che essa propone. Quindi \u00e8 necessario &#8211; continua il noto stilista &#8211; perseverare, attivarsi ad una realt\u00e0 nuova che come dicevo prima porti ad essere il salotto del Mediterraneo&#8221;. Prima di terminare la conversazione Piero si \u00e8 complimentato con Gianni Giacchi per le splendide foto di Punta Secca che fa girare su Facebook, piene di fascino internazionale, donando in segno di amicizia il suo cappellino personale. E ha promesso che l&#8217;anno prossimo ritorner\u00e0 con altri amici famosi.<\/p>\n<p style=\"text-align: right;\"><strong>Redazione<\/strong><\/p>\n<p style=\"text-align: center;\"><a href=\"https:\/\/www.santacroceweb.com\/giornale1\/wp-content\/uploads\/2014\/08\/piero-2.jpg\"><img fetchpriority=\"high\" decoding=\"async\" class=\"aligncenter size-medium wp-image-18780 lazyload\" title=\"piero 2\" src=\"data:image\/gif;base64,R0lGODlhAQABAAAAACH5BAEKAAEALAAAAAABAAEAAAICTAEAOw==\" data-src=\"https:\/\/www.santacroceweb.com\/giornale1\/wp-content\/uploads\/2014\/08\/piero-2-180x300.jpg\" alt=\"\" width=\"180\" height=\"300\" data-sizes=\"auto\" data-srcset=\"https:\/\/www.santacroceweb.com\/giornale1\/wp-content\/uploads\/2014\/08\/piero-2-180x300.jpg 180w, https:\/\/www.santacroceweb.com\/giornale1\/wp-content\/uploads\/2014\/08\/piero-2.jpg 576w\" sizes=\"(max-width: 180px) 100vw, 180px\" \/><\/a><\/p>\n","protected":false},"excerpt":{"rendered":"<p>Punta Secca si conferma anche quest&#8217;anno localit\u00e0 assai gradita ai vip. Il fotografo Gianni Giacchi ha riconosciuto il noto designer e imprenditore Piero Guidi, attuale direttore artistico delle varie linee dell\u2019azienda di famiglia. Guidi, seduto con la moglie su una panchina davanti alla Casa di Montalbano, stava gustando un gelato ma si \u00e8 intrattenuto volentieri [&hellip;]<\/p>\n","protected":false},"author":34,"featured_media":18777,"comment_status":"open","ping_status":"open","sticky":false,"template":"","format":"standard","meta":{"footnotes":""},"categories":[8,1],"tags":[],"class_list":["post-18776","post","type-post","status-publish","format-standard","has-post-thumbnail","hentry","category-attualita","category-news"],"_links":{"self":[{"href":"https:\/\/www.santacroceweb.com\/index.php\/wp-json\/wp\/v2\/posts\/18776","targetHints":{"allow":["GET"]}}],"collection":[{"href":"https:\/\/www.santacroceweb.com\/index.php\/wp-json\/wp\/v2\/posts"}],"about":[{"href":"https:\/\/www.santacroceweb.com\/index.php\/wp-json\/wp\/v2\/types\/post"}],"author":[{"embeddable":true,"href":"https:\/\/www.santacroceweb.com\/index.php\/wp-json\/wp\/v2\/users\/34"}],"replies":[{"embeddable":true,"href":"https:\/\/www.santacroceweb.com\/index.php\/wp-json\/wp\/v2\/comments?post=18776"}],"version-history":[{"count":0,"href":"https:\/\/www.santacroceweb.com\/index.php\/wp-json\/wp\/v2\/posts\/18776\/revisions"}],"wp:featuredmedia":[{"embeddable":true,"href":"https:\/\/www.santacroceweb.com\/index.php\/wp-json\/wp\/v2\/media\/18777"}],"wp:attachment":[{"href":"https:\/\/www.santacroceweb.com\/index.php\/wp-json\/wp\/v2\/media?parent=18776"}],"wp:term":[{"taxonomy":"category","embeddable":true,"href":"https:\/\/www.santacroceweb.com\/index.php\/wp-json\/wp\/v2\/categories?post=18776"},{"taxonomy":"post_tag","embeddable":true,"href":"https:\/\/www.santacroceweb.com\/index.php\/wp-json\/wp\/v2\/tags?post=18776"}],"curies":[{"name":"wp","href":"https:\/\/api.w.org\/{rel}","templated":true}]}}