{"id":19388,"date":"2014-09-06T11:40:41","date_gmt":"2014-09-06T09:40:41","guid":{"rendered":"http:\/\/www.santacroceweb.com\/giornale1\/?p=19388"},"modified":"2014-09-06T11:40:41","modified_gmt":"2014-09-06T09:40:41","slug":"santa-rosalia-i-commercianti-si-preparano-alla-festa-martedi-incontro-con-lamministrazione","status":"publish","type":"post","link":"https:\/\/www.santacroceweb.com\/index.php\/2014\/09\/06\/santa-rosalia-i-commercianti-si-preparano-alla-festa-martedi-incontro-con-lamministrazione\/","title":{"rendered":"Santa Rosalia, i commercianti si preparano alla festa: marted\u00ec incontro con l&#8217;amministrazione"},"content":{"rendered":"<p style=\"text-align: justify;\">La sezione Ascom di Santa Croce Camerina, in vista dell\u2019imminente festa di Santa Rosalia (in programma nelle giornate del 19, 20 e 21 settembre) si \u00e8 fatta promotrice di un incontro con l\u2019Amministrazione comunale. L\u2019appuntamento \u00e8 in programma per marted\u00ec 9 settembre a palazzo del Cigno a partire dalle 15. Per l\u2019occasione, sar\u00e0 esposto il progetto fiera-negozianti, con annessa sagra enogastronomica che sar\u00e0 realizzata per le vie cittadine, vicino alla piazza centrale. \u201cCi stiamo rivolgendo a tutti gli operatori commerciali e agli artigiani della citt\u00e0, quindi anche a coloro che non sono nostri associati \u2013 dice il presidente sezionale Vitaliano Pollari \u2013 affinch\u00e9 possano intervenire a questo incontro, portando le loro proposte o, molto pi\u00f9 semplicemente, organizzando eventualmente delle installazioni con una serie di gazebo, cos\u00ec da mettere in vetrina i propri prodotti. L\u2019esposizione si terr\u00e0 lungo le vie cittadine della zona centrale di Santa Croce Camerina che, per l\u2019occasione, saranno chiuse al traffico. Non dimentichiamo che, oltre alla festa, ci sar\u00e0 uno spettacolo musicale che, il sabato sera, si terr\u00e0 in piazza Vittorio Emanuele mentre la domenica \u00e8 previsto un gran numero di presenze in occasione della processione serale. Invitiamo tutti a partecipare all\u2019incontro di marted\u00ec e, soprattutto, ad esporre consigli e proposte\u201d.<\/p>\n<p style=\"text-align: right;\"><strong>Redazione<\/strong><\/p>\n","protected":false},"excerpt":{"rendered":"<p>La sezione Ascom di Santa Croce Camerina, in vista dell\u2019imminente festa di Santa Rosalia (in programma nelle giornate del 19, 20 e 21 settembre) si \u00e8 fatta promotrice di un incontro con l\u2019Amministrazione comunale. L\u2019appuntamento \u00e8 in programma per marted\u00ec 9 settembre a palazzo del Cigno a partire dalle 15. Per l\u2019occasione, sar\u00e0 esposto il [&hellip;]<\/p>\n","protected":false},"author":34,"featured_media":19389,"comment_status":"open","ping_status":"open","sticky":false,"template":"","format":"standard","meta":{"footnotes":""},"categories":[6,1],"tags":[],"class_list":["post-19388","post","type-post","status-publish","format-standard","has-post-thumbnail","hentry","category-culturaespettacolo","category-news"],"_links":{"self":[{"href":"https:\/\/www.santacroceweb.com\/index.php\/wp-json\/wp\/v2\/posts\/19388","targetHints":{"allow":["GET"]}}],"collection":[{"href":"https:\/\/www.santacroceweb.com\/index.php\/wp-json\/wp\/v2\/posts"}],"about":[{"href":"https:\/\/www.santacroceweb.com\/index.php\/wp-json\/wp\/v2\/types\/post"}],"author":[{"embeddable":true,"href":"https:\/\/www.santacroceweb.com\/index.php\/wp-json\/wp\/v2\/users\/34"}],"replies":[{"embeddable":true,"href":"https:\/\/www.santacroceweb.com\/index.php\/wp-json\/wp\/v2\/comments?post=19388"}],"version-history":[{"count":0,"href":"https:\/\/www.santacroceweb.com\/index.php\/wp-json\/wp\/v2\/posts\/19388\/revisions"}],"wp:featuredmedia":[{"embeddable":true,"href":"https:\/\/www.santacroceweb.com\/index.php\/wp-json\/wp\/v2\/media\/19389"}],"wp:attachment":[{"href":"https:\/\/www.santacroceweb.com\/index.php\/wp-json\/wp\/v2\/media?parent=19388"}],"wp:term":[{"taxonomy":"category","embeddable":true,"href":"https:\/\/www.santacroceweb.com\/index.php\/wp-json\/wp\/v2\/categories?post=19388"},{"taxonomy":"post_tag","embeddable":true,"href":"https:\/\/www.santacroceweb.com\/index.php\/wp-json\/wp\/v2\/tags?post=19388"}],"curies":[{"name":"wp","href":"https:\/\/api.w.org\/{rel}","templated":true}]}}