{"id":1959,"date":"2013-02-11T07:29:21","date_gmt":"2013-02-11T06:29:21","guid":{"rendered":"http:\/\/www.santacroceweb.com\/giornale1\/?p=1959"},"modified":"2013-02-11T09:56:51","modified_gmt":"2013-02-11T08:56:51","slug":"citta-futura-interessante-conferenza-sul-comune-e-i-cittadini-erano-ospiti-tutte-i-movimenti-locali","status":"publish","type":"post","link":"https:\/\/www.santacroceweb.com\/index.php\/2013\/02\/11\/citta-futura-interessante-conferenza-sul-comune-e-i-cittadini-erano-ospiti-tutte-i-movimenti-locali\/","title":{"rendered":"Citt\u00e0 Futura, interessante conferenza sul Comune e i cittadini: ospiti tutti i movimenti locali"},"content":{"rendered":"<p style=\"text-align: justify;\">Si \u00e8 tenuta sabato 9 febbraio, presso la sede sociale sita in piazza Vittorio Emanuele, una conferenza-dibattito organizzata dall&#8217;associazione politico-culturale sul tema: &#8220;Il Comune, evoluzione normativa, compiti e funzioni, organi ed uffici, attribuzioni e competenze; il Cittadino, forme di partecipazione al governo della comunit\u00e0 locale, la semplificazione amministrativa&#8221;. Alla presenza di un folto ed attento pubblico, rappresentato da tutti i movimenti e le associazioni locali, e dopo il saluto del primo cittadino Franca Iurato, il dott. Giuseppino Agnello, dirigente dell\u2019 ufficio di segreteria del comune di Santa Croce Camerina, ha illustrato in modo brillante e schematico l&#8217;evoluzione storica della normativa in materia di enti locali dalla 142\/90 ai Decreti Bassanini, alla Legge 197\/97 al D.L. 29\/93 e 77\/95 fino al D.L. 286\/99 alla 265 e al Testo Unico delle leggi sull\u2019ordinamento degli Enti Locali D.L. 267 del 18 agosto 2000. Si \u00e8 parlato anche del consiglio comunale e delle principali competenze, della giunta comunale e delle funzioni, del sindaco e delle principali competenze e dei dirigenti e delle macro-strutture dipartimentali del comune di Santa Croce Camerina. Si tratta di una tematica particolarmente complessa e in costante evoluzione ma questo incontro ha costituito un&#8217;occasione importante non solo per un salto di qualit\u00e0 di in termini di conoscenze giuridiche, ma anche per la costruzione di una nuova qualit\u00e0 dei rapporti tra istituzioni e cittadini che dovrebbero avere pi\u00f9 voce nella vita pubblica di una amministrazione locale.<\/p>\n<p style=\"text-align: right;\"><strong>Redazione<\/strong><\/p>\n<p style=\"text-align: center;\"><a href=\"https:\/\/www.santacroceweb.com\/giornale1\/wp-content\/uploads\/2013\/02\/579624_565160393496682_1746793130_n1.jpg\"><img fetchpriority=\"high\" decoding=\"async\" class=\"aligncenter size-medium wp-image-1961 lazyload\" title=\"579624_565160393496682_1746793130_n[1]\" src=\"data:image\/gif;base64,R0lGODlhAQABAAAAACH5BAEKAAEALAAAAAABAAEAAAICTAEAOw==\" data-src=\"https:\/\/www.santacroceweb.com\/giornale1\/wp-content\/uploads\/2013\/02\/579624_565160393496682_1746793130_n1-300x225.jpg\" alt=\"\" width=\"300\" height=\"225\" data-sizes=\"auto\" data-srcset=\"https:\/\/www.santacroceweb.com\/giornale1\/wp-content\/uploads\/2013\/02\/579624_565160393496682_1746793130_n1-300x225.jpg 300w, https:\/\/www.santacroceweb.com\/giornale1\/wp-content\/uploads\/2013\/02\/579624_565160393496682_1746793130_n1-768x576.jpg 768w, https:\/\/www.santacroceweb.com\/giornale1\/wp-content\/uploads\/2013\/02\/579624_565160393496682_1746793130_n1-86x64.jpg 86w, https:\/\/www.santacroceweb.com\/giornale1\/wp-content\/uploads\/2013\/02\/579624_565160393496682_1746793130_n1.jpg 960w\" sizes=\"(max-width: 300px) 100vw, 300px\" \/><\/a><\/p>\n","protected":false},"excerpt":{"rendered":"<p>Si \u00e8 tenuta sabato 9 febbraio, presso la sede sociale sita in piazza Vittorio Emanuele, una conferenza-dibattito organizzata dall&#8217;associazione politico-culturale sul tema: &#8220;Il Comune, evoluzione normativa, compiti e funzioni, organi ed uffici, attribuzioni e competenze; il Cittadino, forme di partecipazione al governo della comunit\u00e0 locale, la semplificazione amministrativa&#8221;. Alla presenza di un folto ed attento [&hellip;]<\/p>\n","protected":false},"author":34,"featured_media":1960,"comment_status":"open","ping_status":"open","sticky":false,"template":"","format":"standard","meta":{"footnotes":""},"categories":[8,1,11],"tags":[],"class_list":["post-1959","post","type-post","status-publish","format-standard","has-post-thumbnail","hentry","category-attualita","category-news","category-primopiano"],"_links":{"self":[{"href":"https:\/\/www.santacroceweb.com\/index.php\/wp-json\/wp\/v2\/posts\/1959","targetHints":{"allow":["GET"]}}],"collection":[{"href":"https:\/\/www.santacroceweb.com\/index.php\/wp-json\/wp\/v2\/posts"}],"about":[{"href":"https:\/\/www.santacroceweb.com\/index.php\/wp-json\/wp\/v2\/types\/post"}],"author":[{"embeddable":true,"href":"https:\/\/www.santacroceweb.com\/index.php\/wp-json\/wp\/v2\/users\/34"}],"replies":[{"embeddable":true,"href":"https:\/\/www.santacroceweb.com\/index.php\/wp-json\/wp\/v2\/comments?post=1959"}],"version-history":[{"count":0,"href":"https:\/\/www.santacroceweb.com\/index.php\/wp-json\/wp\/v2\/posts\/1959\/revisions"}],"wp:featuredmedia":[{"embeddable":true,"href":"https:\/\/www.santacroceweb.com\/index.php\/wp-json\/wp\/v2\/media\/1960"}],"wp:attachment":[{"href":"https:\/\/www.santacroceweb.com\/index.php\/wp-json\/wp\/v2\/media?parent=1959"}],"wp:term":[{"taxonomy":"category","embeddable":true,"href":"https:\/\/www.santacroceweb.com\/index.php\/wp-json\/wp\/v2\/categories?post=1959"},{"taxonomy":"post_tag","embeddable":true,"href":"https:\/\/www.santacroceweb.com\/index.php\/wp-json\/wp\/v2\/tags?post=1959"}],"curies":[{"name":"wp","href":"https:\/\/api.w.org\/{rel}","templated":true}]}}