{"id":19644,"date":"2014-09-17T11:04:49","date_gmt":"2014-09-17T09:04:49","guid":{"rendered":"http:\/\/www.santacroceweb.com\/giornale1\/?p=19644"},"modified":"2014-09-17T11:19:28","modified_gmt":"2014-09-17T09:19:28","slug":"santa-rosalia-e-il-weekend-della-festa-gli-appuntamenti-di-sabato-20-e-domenica-21","status":"publish","type":"post","link":"https:\/\/www.santacroceweb.com\/index.php\/2014\/09\/17\/santa-rosalia-e-il-weekend-della-festa-gli-appuntamenti-di-sabato-20-e-domenica-21\/","title":{"rendered":"Santa Rosalia, \u00e8 arrivato il weekend della festa: ecco il programma completo di sabato 20 e domenica 21"},"content":{"rendered":"<p style=\"text-align: justify;\">La festa di Santa Rosalia, a Santa Croce Camerina, \u00e8 la seconda celebrazione religiosa pi\u00f9 importante dopo quella di San Giuseppe. Gli abitanti la vivono con grande gioia perch\u00e9 si ripropone puntualmente dopo le vacanze estive e segna per tutti il ritorno alla quotidianit\u00e0. Il clou dei festeggiamenti avverr\u00e0 sabato 20 settembre alle 21.00 in piazza V.Emanuele con una vera e propria gara organizzata dai commercianti di Santa Croce denominata Man Vs Food, dove i concorrenti potranno assaggiare i piatti tipici locali attraverso una sfida lanciata da 2 locali commerciali. A seguire il concerto dei &#8220;Gira Vota e Furria&#8221;, la band ragusana specializzata negli eventi di piazza, voluto e offerto dall&#8217;amministrazione comunale con in testa l&#8217;assessore Ingallinesi che ha voluto sottolineare: &#8220;Questa iniziativa vuole essere un ulteriore segno di attenzione alle attivit\u00e0 economiche del nostro territorio e vicinanza ai cittadini. Stiamo lavorando insieme alle associazioni di categoria e agli operatori per altre iniziative volte a promuovere il turismo e il commercio. In un momento cos\u00ec difficile \u00e8 fondamentale unire le forze e attingere alla creativit\u00e0 dando vita a risposte innovative\u201d.<\/p>\n<p style=\"text-align: justify;\">Per quanto riguarda i festeggiamenti religiosi, domenica 21 settembre la popolazione si sveglier\u00e0 con lo sparo delle bombe e col suono delle due bande cittadine \u201cRisveglio Kamarinense\u201d e \u201cAmici della Musica\u201d, che percorreranno le vie cittadine per la tradizionale questua dei doni offerti alla Santa. In piazza saranno messi all\u2019asta i doni e premiati come negli anni passati i primi 3 funghi di carrubo meglio stimati. La solenne processione inizier\u00e0 alle 19,30 e il simulacro della Santa raggiunger\u00e0 le principali vie del paese.<\/p>\n<p style=\"text-align: right;\"><strong>Simona Di Marco<\/strong><\/p>\n<p style=\"text-align: center;\"><span style=\"text-decoration: underline;\"><strong>Cenni storici sulla festa di S.Rosalia<\/strong><\/span><\/p>\n<p style=\"text-align: justify;\">La devozione per Santa Rosalia ha radici nella cittadina dalla fine del \u2018500 quando S.Croce era ancora un casale. Un canonico della famiglia dei Celestri, all\u2019epoca ancora titolari di una baronia, istitu\u00ec un fondo economico perch\u00e9 venisse celebrata la Festa di S.Rosalia. A quell\u2019epoca non erano ancora state ritrovate le reliquie della Santa, evento accaduto poi nel 1626, che port\u00f2 alla proclamazione di S.Rosalia Patrona di Palermo. Nel momento in cui S.Croce divenne marchesato della famiglia Celestri, Santa Rosalia fu elevata a Patrona di Santa Croce.<\/p>\n<p style=\"text-align: justify;\">Questo avvenne il 21 luglio 1691 grazie al canonico don Vincenzo Celestri, figlio secondogenito del marchese Giovan Battista III Celestri e fratello del marchese Don Pietro V, che istitu\u00ec un legato annuo di quattro onze appunto per solennizzare la festa di S.Rosalia. La festa cos\u00ec venne celebrata regolarmente ogni anno all\u2019interno della chiesa con la solennizzazione delle messe, l\u2019acquisto di cera e candele per illuminare l\u2019altare principale e la distribuzione di elemosine ai poveri del paese.<\/p>\n<p style=\"text-align: justify;\">Fu solo nel 1810 che la Festa assunse un aspetto celebrativo pi\u00f9 imponente che arriva fino ai nostri giorni. Nella primavera di quell\u2019anno infatti fu completata la realizzazione della \u00abvara\u00bb, un imponente piedistallo in legno comprato l\u2019anno precedente, e \u00abriformata\u00bb, cio\u00e8 ristrutturata, la statua di Santa Rosalia.<\/p>\n<p style=\"text-align: justify;\">Il 4 settembre del 1810, per la prima volta, il simulacro della Patrona venne portato in processione per le vie del paese, iniziando la serie ininterrotta dei festeggiamenti esterni. La Festa di Santa Rosalia a S.Croce quindi \u00e8 pi\u00f9 antica, di 32 anni, della Festa di San Giuseppe, tradizionalmente pi\u00f9 popolare nella cittadina rispetto a quella dedicata alla Santa &#8220;palermitana&#8221;.<\/p>\n<p style=\"text-align: center;\"><a href=\"https:\/\/www.santacroceweb.com\/giornale1\/wp-content\/uploads\/2014\/09\/Festa-1.jpg\"><img fetchpriority=\"high\" decoding=\"async\" class=\"aligncenter size-full wp-image-19646 lazyload\" title=\"Festa 1\" src=\"data:image\/gif;base64,R0lGODlhAQABAAAAACH5BAEKAAEALAAAAAABAAEAAAICTAEAOw==\" data-src=\"https:\/\/www.santacroceweb.com\/giornale1\/wp-content\/uploads\/2014\/09\/Festa-1.jpg\" alt=\"\" width=\"600\" height=\"850\" data-sizes=\"auto\" data-srcset=\"https:\/\/www.santacroceweb.com\/giornale1\/wp-content\/uploads\/2014\/09\/Festa-1.jpg 600w, https:\/\/www.santacroceweb.com\/giornale1\/wp-content\/uploads\/2014\/09\/Festa-1-212x300.jpg 212w\" sizes=\"(max-width: 600px) 100vw, 600px\" \/><\/a><a href=\"https:\/\/www.santacroceweb.com\/giornale1\/wp-content\/uploads\/2014\/09\/Festa-2.jpg\"><img decoding=\"async\" class=\"aligncenter size-full wp-image-19647 lazyload\" title=\"Festa 2\" src=\"data:image\/gif;base64,R0lGODlhAQABAAAAACH5BAEKAAEALAAAAAABAAEAAAICTAEAOw==\" data-src=\"https:\/\/www.santacroceweb.com\/giornale1\/wp-content\/uploads\/2014\/09\/Festa-2.jpg\" alt=\"\" width=\"600\" height=\"850\" data-sizes=\"auto\" data-srcset=\"https:\/\/www.santacroceweb.com\/giornale1\/wp-content\/uploads\/2014\/09\/Festa-2.jpg 600w, https:\/\/www.santacroceweb.com\/giornale1\/wp-content\/uploads\/2014\/09\/Festa-2-212x300.jpg 212w\" sizes=\"(max-width: 600px) 100vw, 600px\" \/><\/a><a href=\"https:\/\/www.santacroceweb.com\/giornale1\/wp-content\/uploads\/2014\/09\/Festa-3.jpg\"><img decoding=\"async\" class=\"aligncenter size-full wp-image-19648 lazyload\" title=\"Festa 3\" src=\"data:image\/gif;base64,R0lGODlhAQABAAAAACH5BAEKAAEALAAAAAABAAEAAAICTAEAOw==\" data-src=\"https:\/\/www.santacroceweb.com\/giornale1\/wp-content\/uploads\/2014\/09\/Festa-3.jpg\" alt=\"\" width=\"600\" height=\"850\" data-sizes=\"auto\" data-srcset=\"https:\/\/www.santacroceweb.com\/giornale1\/wp-content\/uploads\/2014\/09\/Festa-3.jpg 600w, https:\/\/www.santacroceweb.com\/giornale1\/wp-content\/uploads\/2014\/09\/Festa-3-212x300.jpg 212w\" sizes=\"(max-width: 600px) 100vw, 600px\" \/><\/a><a href=\"https:\/\/www.santacroceweb.com\/giornale1\/wp-content\/uploads\/2014\/09\/Festa-1.jpg\"><br \/>\n<\/a><a href=\"https:\/\/www.santacroceweb.com\/giornale1\/wp-content\/uploads\/2014\/09\/Festa-1.jpg\"><br \/>\n<\/a><\/p>\n","protected":false},"excerpt":{"rendered":"<p>La festa di Santa Rosalia, a Santa Croce Camerina, \u00e8 la seconda celebrazione religiosa pi\u00f9 importante dopo quella di San Giuseppe. Gli abitanti la vivono con grande gioia perch\u00e9 si ripropone puntualmente dopo le vacanze estive e segna per tutti il ritorno alla quotidianit\u00e0. Il clou dei festeggiamenti avverr\u00e0 sabato 20 settembre alle 21.00 in [&hellip;]<\/p>\n","protected":false},"author":34,"featured_media":19649,"comment_status":"open","ping_status":"open","sticky":false,"template":"","format":"standard","meta":{"footnotes":""},"categories":[6,1,11],"tags":[],"class_list":["post-19644","post","type-post","status-publish","format-standard","has-post-thumbnail","hentry","category-culturaespettacolo","category-news","category-primopiano"],"_links":{"self":[{"href":"https:\/\/www.santacroceweb.com\/index.php\/wp-json\/wp\/v2\/posts\/19644","targetHints":{"allow":["GET"]}}],"collection":[{"href":"https:\/\/www.santacroceweb.com\/index.php\/wp-json\/wp\/v2\/posts"}],"about":[{"href":"https:\/\/www.santacroceweb.com\/index.php\/wp-json\/wp\/v2\/types\/post"}],"author":[{"embeddable":true,"href":"https:\/\/www.santacroceweb.com\/index.php\/wp-json\/wp\/v2\/users\/34"}],"replies":[{"embeddable":true,"href":"https:\/\/www.santacroceweb.com\/index.php\/wp-json\/wp\/v2\/comments?post=19644"}],"version-history":[{"count":0,"href":"https:\/\/www.santacroceweb.com\/index.php\/wp-json\/wp\/v2\/posts\/19644\/revisions"}],"wp:featuredmedia":[{"embeddable":true,"href":"https:\/\/www.santacroceweb.com\/index.php\/wp-json\/wp\/v2\/media\/19649"}],"wp:attachment":[{"href":"https:\/\/www.santacroceweb.com\/index.php\/wp-json\/wp\/v2\/media?parent=19644"}],"wp:term":[{"taxonomy":"category","embeddable":true,"href":"https:\/\/www.santacroceweb.com\/index.php\/wp-json\/wp\/v2\/categories?post=19644"},{"taxonomy":"post_tag","embeddable":true,"href":"https:\/\/www.santacroceweb.com\/index.php\/wp-json\/wp\/v2\/tags?post=19644"}],"curies":[{"name":"wp","href":"https:\/\/api.w.org\/{rel}","templated":true}]}}