{"id":19740,"date":"2014-09-18T17:33:50","date_gmt":"2014-09-18T15:33:50","guid":{"rendered":"http:\/\/www.santacroceweb.com\/giornale1\/?p=19740"},"modified":"2014-09-18T19:49:40","modified_gmt":"2014-09-18T17:49:40","slug":"lenorme-tartaruga-ritrovata-al-largo-di-punta-secca-torna-in-mare-ha-concluso-la-riabilitazione","status":"publish","type":"post","link":"https:\/\/www.santacroceweb.com\/index.php\/2014\/09\/18\/lenorme-tartaruga-ritrovata-al-largo-di-punta-secca-torna-in-mare-ha-concluso-la-riabilitazione\/","title":{"rendered":"L&#8217;enorme tartaruga ritrovata al largo di Punta Secca torna in mare: ha concluso la riabilitazione"},"content":{"rendered":"<p style=\"text-align: justify;\">La tartaruga rinvenuta lo scorso 21 agosto al largo delle coste di Punta Secca, appartenente alla specie pi\u00f9 comune del Mar Mediterraneo, la caretta-caretta, ha ricevuto le cure necessarie e sar\u00e0 riportata in mare luned\u00ec 22 settembre alle ore 10, come previsto nella locandina in allegato. L&#8217;esemplare ha finito infatti il suo periodo di riabilitazione in vasca presso il \u201cCentro di Monitoraggio e Controllo delle Tartarughe marine e Cetacei\u201d (Istituto Zooprofilattico Sperimentale della Sicilia, Palermo) e come previsto sar\u00e0 reintrodotto nel suo habitat naturale nel rispetto delle procedure di protocollo che si sono immediatamente attivate quando \u00e8 stata prelevata. L&#8217;appuntamento, quindi, per tutti coloro i quali vorranno assistere all&#8217;emozionante &#8216;ritorno in mare&#8217;, \u00e8 alle ore 10 a Punta Secca presso la spiaggia antistante il porticciolo, quella conosciuta come la spiaggia del Commissario Montalbano, resa celebre dall&#8217;omonima serie tv. L&#8217;evento \u00e8 promosso dalle Regione Sicilia e dall&#8217;Istituto Zooprofilattico Sperimentale della Sicilia &#8216;A.Mirri&#8217;. Un appuntamento che avrebbe destato nei pi\u00f9 piccoli grande entusiasmo se solo fosse stato previsto in un orario pomeridiano per consentire ai molti di prenderne parte liberi da impegni scolastici appena avviati. Non lascer\u00e0 indifferenti gli adulti, il cui sguardo sar\u00e0 ricco di emozione quando la caretta-carretta si immerger\u00e0, ignara, senza dubbio, di essere stata battezzata con il nome di un personaggio famoso e discusso come pochi nella storia delle fiction tv. Proprio in questi giorni c&#8217;\u00e8 grande fermento e polemica per un possibile spostamento delle riprese della fiction \u201cIl Commissario Montalbano\u201d dalla Sicilia alla Puglia. Intanto, sono gi\u00e0 state avviate a Scicli le riprese della seconda serie del Giovane Montalbano e andranno avanti fino al prossimo gennaio anche nella frazione balneare di Punta Secca che potr\u00e0 vantarsi della presenza di un commissario straordinario in mare: la tartaruga Montalbano.<\/p>\n<p style=\"text-align: right;\"><strong>Giusy Zisa<\/strong><\/p>\n<p style=\"text-align: center;\"><a href=\"https:\/\/www.santacroceweb.com\/giornale1\/wp-content\/uploads\/2014\/09\/foto13.jpg\"><img fetchpriority=\"high\" decoding=\"async\" class=\"aligncenter size-medium wp-image-19743 lazyload\" title=\"foto(1)\" src=\"data:image\/gif;base64,R0lGODlhAQABAAAAACH5BAEKAAEALAAAAAABAAEAAAICTAEAOw==\" data-src=\"https:\/\/www.santacroceweb.com\/giornale1\/wp-content\/uploads\/2014\/09\/foto13-300x225.jpg\" alt=\"\" width=\"300\" height=\"225\" data-sizes=\"auto\" data-srcset=\"https:\/\/www.santacroceweb.com\/giornale1\/wp-content\/uploads\/2014\/09\/foto13-300x225.jpg 300w, https:\/\/www.santacroceweb.com\/giornale1\/wp-content\/uploads\/2014\/09\/foto13-768x576.jpg 768w, https:\/\/www.santacroceweb.com\/giornale1\/wp-content\/uploads\/2014\/09\/foto13-1024x768.jpg 1024w, https:\/\/www.santacroceweb.com\/giornale1\/wp-content\/uploads\/2014\/09\/foto13-86x64.jpg 86w\" sizes=\"(max-width: 300px) 100vw, 300px\" \/><\/a><\/p>\n","protected":false},"excerpt":{"rendered":"<p>La tartaruga rinvenuta lo scorso 21 agosto al largo delle coste di Punta Secca, appartenente alla specie pi\u00f9 comune del Mar Mediterraneo, la caretta-caretta, ha ricevuto le cure necessarie e sar\u00e0 riportata in mare luned\u00ec 22 settembre alle ore 10, come previsto nella locandina in allegato. L&#8217;esemplare ha finito infatti il suo periodo di riabilitazione [&hellip;]<\/p>\n","protected":false},"author":34,"featured_media":19731,"comment_status":"open","ping_status":"open","sticky":false,"template":"","format":"standard","meta":{"footnotes":""},"categories":[8,1],"tags":[],"class_list":["post-19740","post","type-post","status-publish","format-standard","has-post-thumbnail","hentry","category-attualita","category-news"],"_links":{"self":[{"href":"https:\/\/www.santacroceweb.com\/index.php\/wp-json\/wp\/v2\/posts\/19740","targetHints":{"allow":["GET"]}}],"collection":[{"href":"https:\/\/www.santacroceweb.com\/index.php\/wp-json\/wp\/v2\/posts"}],"about":[{"href":"https:\/\/www.santacroceweb.com\/index.php\/wp-json\/wp\/v2\/types\/post"}],"author":[{"embeddable":true,"href":"https:\/\/www.santacroceweb.com\/index.php\/wp-json\/wp\/v2\/users\/34"}],"replies":[{"embeddable":true,"href":"https:\/\/www.santacroceweb.com\/index.php\/wp-json\/wp\/v2\/comments?post=19740"}],"version-history":[{"count":0,"href":"https:\/\/www.santacroceweb.com\/index.php\/wp-json\/wp\/v2\/posts\/19740\/revisions"}],"wp:featuredmedia":[{"embeddable":true,"href":"https:\/\/www.santacroceweb.com\/index.php\/wp-json\/wp\/v2\/media\/19731"}],"wp:attachment":[{"href":"https:\/\/www.santacroceweb.com\/index.php\/wp-json\/wp\/v2\/media?parent=19740"}],"wp:term":[{"taxonomy":"category","embeddable":true,"href":"https:\/\/www.santacroceweb.com\/index.php\/wp-json\/wp\/v2\/categories?post=19740"},{"taxonomy":"post_tag","embeddable":true,"href":"https:\/\/www.santacroceweb.com\/index.php\/wp-json\/wp\/v2\/tags?post=19740"}],"curies":[{"name":"wp","href":"https:\/\/api.w.org\/{rel}","templated":true}]}}