{"id":2077,"date":"2013-02-14T13:17:40","date_gmt":"2013-02-14T12:17:40","guid":{"rendered":"http:\/\/www.santacroceweb.com\/giornale1\/?p=2077"},"modified":"2013-02-14T14:58:09","modified_gmt":"2013-02-14T13:58:09","slug":"2077","status":"publish","type":"post","link":"https:\/\/www.santacroceweb.com\/index.php\/2013\/02\/14\/2077\/","title":{"rendered":"La Mediale risponde all&#8217;Editoriale di Cassandra: &#8220;L&#8217;acqua era e rimane un bene pubblico&#8221;"},"content":{"rendered":"<p style=\"text-align: justify;\">La Mediale srl, che gestisce il servizio idrico nella citt\u00e0 di Santa Croce Camerina, ha fatto pervenire in redazione un chiarimento dopo la pubblicazione del nostro <a href=\"http:\/\/https:\/\/www.santacroceweb.com\/giornale1\/index.php\/2013\/02\/14\/liscia-gassata-o\/\">editoriale &#8220;Liscia, gassata, o&#8230;&#8221;<\/a> in data 14 febbraio. Ecco la nota del presidente Antonino Guidotto, cui lasciamo &#8211; come sempre &#8211; giusta possibilit\u00e0 di replica:<\/p>\n<p style=\"text-align: justify;\">&#8220;Con riferimento all\u2019articolo pubblicato sul vs. sito il giorno 14 cm. (Editoriale: LISCIA, GASSATA, O\u2026), per completezza e chiarimento si chiede venga pubblicata la seguente risposta:<br \/>\n&#8211; La fonte Paradiso posta sulla omonima sorgente, da tempo non \u00e8 utilizzata, difatti ad oggi i restanti rubinetti fanno solo bella mostra.<br \/>\n&#8211; La Mediale concessionaria del S.I.I., nell\u2019ottica di migliorare il servizio in favore dei cittadini, a proprie esclusive spese ha progettato ed in parte eseguito il ripristino delle tubazioni di distribuzione; il progetto complessivo prevede che l\u2019acqua possa essere prelevata dai rubinetti della Fontana storica &#8220;de &#8211; mineralizzata&#8221;, mentre da altra Fontana da realizzare con &#8220;pietre&#8221; del posto, si potr\u00e0 prelevare acqua refrigerata &#8211; frizzante.<br \/>\n&#8211; Le quantit\u00e0 giornaliere prelevabili saranno circa 6.000 litri di acqua de &#8211; mineralizzata e circa litri 1.000 di acqua frizzante; ci\u00f2 \u00e8 determinato dalla quantit\u00e0 trattabile dai filtri di osmosi inversa e dai refrigeratori e addizionatore di anidride carbonica.<br \/>\n&#8211; Le quantit\u00e0 non sono 6 mila metri cubi di de &#8211; mineralizzata e 1.000 metri cubi di acqua refrigerata &#8211; frizzante.<br \/>\n&#8211; Al riguardo del costo per tale servizio, questo verr\u00e0 stabilito in accordo con l\u2019Ente, dovr\u00e0 coprire i costi dell\u2019erogazione, dalla Societ\u00e0 prudenzialmente \u00e8 stato preventivato in \u20ac 0,05 il litro per i prelievi dalla Fontana storica ed \u20ac 0,10 il litro per i prelievi di acqua refrigerata e frizzante.<br \/>\n&#8211; La Societ\u00e0 sin d\u2019ora comunica che, quanto progettato e la conseguente attivit\u00e0, \u00e8 volta a beneficio della collettivit\u00e0; difatti oltre al costo \u201cirrisorio\u201d preventivato, l\u2019Ente avr\u00e0 un risparmio considerevole sul conferimento in discarica dei rifiuti \u201cbottiglie di plastica e vetro&#8221;, i cittadini utilizzeranno una propria risorsa che \u00e8 controllata giornalmente.<br \/>\n&#8211; Si precisa che tale iniziativa, non ha scopo di lucro, difatti i ricavi dovranno coprire i costi per la manutenzione degli impianti e l\u2019acquisto dei necessari materiali di consumo, eventuali residui attivi saranno devoluti al Fondo di Garanzia per le perdite idropotabili cui al Regolamento approvato dal Consiglio Comunale.<br \/>\n&#8211; In definitiva, \u00e8 stata anticipata alla stampa (Santa Croce Web) una iniziativa in favore della cittadinanza, che si ritiene verr\u00e0 portata alla valutazione degli organi collegiali del Comune, null\u2019altro!<br \/>\n&#8211; L\u2019acqua era ed \u00e8 pubblica, servire \u00e8 il nostro mestiere, cerchiamo solo di aggiungere qualche bollicina e sognare di poter servire meglio&#8221;.<\/p>\n<p style=\"text-align: right;\"><strong>Mediale S.r.l. <\/strong><\/p>\n<p style=\"text-align: right;\"><strong>il Direttore generale Dott. A. Guidotto<\/strong><\/p>\n","protected":false},"excerpt":{"rendered":"<p>La Mediale srl, che gestisce il servizio idrico nella citt\u00e0 di Santa Croce Camerina, ha fatto pervenire in redazione un chiarimento dopo la pubblicazione del nostro editoriale &#8220;Liscia, gassata, o&#8230;&#8221; in data 14 febbraio. Ecco la nota del presidente Antonino Guidotto, cui lasciamo &#8211; come sempre &#8211; giusta possibilit\u00e0 di replica: &#8220;Con riferimento all\u2019articolo pubblicato [&hellip;]<\/p>\n","protected":false},"author":34,"featured_media":2078,"comment_status":"open","ping_status":"open","sticky":false,"template":"","format":"standard","meta":{"footnotes":""},"categories":[8,1],"tags":[],"class_list":["post-2077","post","type-post","status-publish","format-standard","has-post-thumbnail","hentry","category-attualita","category-news"],"_links":{"self":[{"href":"https:\/\/www.santacroceweb.com\/index.php\/wp-json\/wp\/v2\/posts\/2077","targetHints":{"allow":["GET"]}}],"collection":[{"href":"https:\/\/www.santacroceweb.com\/index.php\/wp-json\/wp\/v2\/posts"}],"about":[{"href":"https:\/\/www.santacroceweb.com\/index.php\/wp-json\/wp\/v2\/types\/post"}],"author":[{"embeddable":true,"href":"https:\/\/www.santacroceweb.com\/index.php\/wp-json\/wp\/v2\/users\/34"}],"replies":[{"embeddable":true,"href":"https:\/\/www.santacroceweb.com\/index.php\/wp-json\/wp\/v2\/comments?post=2077"}],"version-history":[{"count":0,"href":"https:\/\/www.santacroceweb.com\/index.php\/wp-json\/wp\/v2\/posts\/2077\/revisions"}],"wp:featuredmedia":[{"embeddable":true,"href":"https:\/\/www.santacroceweb.com\/index.php\/wp-json\/wp\/v2\/media\/2078"}],"wp:attachment":[{"href":"https:\/\/www.santacroceweb.com\/index.php\/wp-json\/wp\/v2\/media?parent=2077"}],"wp:term":[{"taxonomy":"category","embeddable":true,"href":"https:\/\/www.santacroceweb.com\/index.php\/wp-json\/wp\/v2\/categories?post=2077"},{"taxonomy":"post_tag","embeddable":true,"href":"https:\/\/www.santacroceweb.com\/index.php\/wp-json\/wp\/v2\/tags?post=2077"}],"curies":[{"name":"wp","href":"https:\/\/api.w.org\/{rel}","templated":true}]}}