{"id":2105,"date":"2013-02-15T10:43:25","date_gmt":"2013-02-15T09:43:25","guid":{"rendered":"http:\/\/www.santacroceweb.com\/giornale1\/?p=2105"},"modified":"2013-02-15T10:52:04","modified_gmt":"2013-02-15T09:52:04","slug":"lelezione-di-bellassai-passa-per-la-vittoria-del-centro-sinistra-al-senato-impegno-fra-la-gente-la-nostra-promessa","status":"publish","type":"post","link":"https:\/\/www.santacroceweb.com\/index.php\/2013\/02\/15\/lelezione-di-bellassai-passa-per-la-vittoria-del-centro-sinistra-al-senato-impegno-fra-la-gente-la-nostra-promessa\/","title":{"rendered":"L&#8217;elezione di Bellassai passa per la vittoria del centro-sx al Senato: &#8220;Noi facciamo politica per la gente&#8221;"},"content":{"rendered":"<p style=\"text-align: justify;\">In esclusiva per Santa Croce Web riportiamo le interviste all\u2019On. Pippo di Giacomo, presidente della commissione Sanit\u00e0 all\u2019ARS, e ai candidati Pd alle prossime elezioni nazionali, Gianni Battaglia e Gigi Bellassai.<\/p>\n<p style=\"text-align: justify;\"><span style=\"text-decoration: underline;\">On. Pippo Di Giacomo<\/span><\/p>\n<p style=\"text-align: justify;\"><strong>D: Qual \u00e8 il senso, il significato della sua presenza qui a Santa Croce?<\/strong><\/p>\n<p style=\"text-align: justify;\"><strong>R:<\/strong> Il senso, il significato \u00e8 quello di un taglio che il Pd d\u00e0 alla campagna elettorale che \u00e8 un confronto con la gente, con le persone, con gli amici, con i sostenitori, con chi si appassiona ai fatti di politica, per presentare le candidature. Un\u2019immagine reale di quello che noi siamo, dell\u2019impegno che prendiamo per il territorio.<\/p>\n<p style=\"text-align: justify;\"><strong>D. Un modo per dimostrare che non siete solo personaggi lontani, che siamo soliti vedere in tv e che la gente pu\u00f2 contare su di voi?<\/strong><\/p>\n<p style=\"text-align: justify;\"><strong>R:<\/strong> Proprio questo \u00e8 il senso che noi intendiamo per politica, la comunione con la persona, il dialogo, l\u2019impegno e metterci la faccia. Cercare, nel caso in cui si riesca ad ottenere le elezioni dei nostri candidati, di chiedere se le cose per le quali si erano impegnati sono diventate veramente l\u2019oggetto del loro impegno politico.<\/p>\n<p style=\"text-align: justify;\"><strong>D: Mi permetta una digressione. Ho letto che il Commissario straordinario Scarso ha dichiarato che la Provincia di Ragusa sar\u00e0 presente alla Bit di Milano anche per promuovere l\u2019apertura del Magliocco. Quindi possiamo sperare che prima dell\u2019estate o comunque entro l\u2019estate ci sia questa apertura o ci sono ancora degli intoppi?<\/strong><\/p>\n<p style=\"text-align: justify;\"><strong>R:<\/strong> L\u2019apertura dell\u2019aeroporto di Comiso \u00e8 autonoma e indipendente dalla questione della classificazione dell\u2019aeroporto. Quello che invece mi pare che si stia sfilacciando sia l\u2019impegno reale della societ\u00e0 di gestione che, a mio parere, non dipende dal presidente Dibennardo che ha interesse a farlo partire. Complessivamente la societ\u00e0 \u00e8 in ritardo rispetto ad un assetto di management e programma di investimenti reali che non rendono concreta la possibilit\u00e0 di aprire per la prossima estate. Cos\u00ec continuando non aprono proprio un bel nulla. Continuando cos\u00ec, mi assumo la responsabilit\u00e0 di quello che dico, le prospettive sono molto scarse.<\/p>\n<p style=\"text-align: justify;\"><span style=\"text-decoration: underline;\">Gianni Battaglia<\/span><\/p>\n<p style=\"text-align: justify;\"><strong>D: La vicinanza concreta ai cittadini per far comprendere quello che state realizzando con il vostro programma quanto \u00e8 importante?<\/strong><\/p>\n<p style=\"text-align: justify;\"><strong>R:<\/strong> Noi stiamo tentando di recuperare un rapporto con gli elettori che, in generale, tutti i partiti hanno smarrito. La distanza tra eletti ed elettori \u00e8 stata messa a dura prova in questi anni, il meccanismo elettorale ha contribuito in maniera significativa a fare questo, la mala politica ha ulteriormente allargato questo divario e credo che la prima cosa che debbano fare i partiti ed i candidati \u00e8 quello di recuperare un rapporto, anche se \u00e8 fatto di critiche anche aspre. Ognuno di noi deve poter dire quello che pensa di fare, gli impegni che assume, sapendo che spesso in campagna elettorale \u00e8 difficile far credere agli impegni che si assumono. Proprio questo rapporto dovrebbe consentire di impegnarci subito dopo, ritornare dagli elettori e dare conto degli impegni assunti. Spesso invece si fa solo la prima parte. Spesso si parla di fronte a tante persone e non si sa mai quello che si \u00e8 compreso, qual \u00e8 lo stato d\u2019animo, se siamo stati credibili o meno. Incontrare a piccoli gruppi \u00e8 molto pi\u00f9 faticoso ma pi\u00f9 efficace.<\/p>\n<p style=\"text-align: justify;\"><strong>D: Fino ad oggi, in base a dove siete stati, che ambiente avete trovato? La gente come si pone nei vostri confronti visto che c\u2019\u00e8 una cattiva volont\u00e0 persino di andare a votare e c\u2019\u00e8 una grande sfiducia nella politica?<\/strong><\/p>\n<p style=\"text-align: justify;\"><strong>R:<\/strong> Abbiamo registrato esattamente quello che dice. Una sorta di atteggiamento repulsivo, perfino di preconcetto. Sono anni che c\u2019\u00e8 una crisi reale, la gente non sta bene, deve fare i conti con i propri problemi e si sente sola, non aiutata e pensa che la politica serva a chi la fa, non a loro. Quindi hanno un atteggiamento diffidente. E\u2019 un atteggiamento che ha una sua oggettivit\u00e0. Per\u00f2 evitiamo di confondere la causa con l\u2019effetto, perch\u00e9 la causa \u00e8 la cattiva politica, la causa \u00e8 una classe dirigente che da anni ha fatto perdere la fiducia non smentendo quelli che sono i reali problemi, subendo una crisi economica con effetti che per lungo tempo sono stati persino smentiti. Adesso ci troviamo di fronte ad un elettorato che non ritiene che ci sia una classe dirigente adeguata. Se poi aggiungiamo gli scandali che ogni giorno ascoltiamo e che danno l\u2019idea di una classe politica che pensa pi\u00f9 a se che non a sentire il proprio Paese \u00e8 ancora pi\u00f9 difficile. Questo non ci deve spingere a nasconderci, ma ad affrontare i giudizi, a volte anche pesanti, a fare autocritica, ad ammettere gli errori che anche da parte nostra ci sono stati, a non farci carico di tutte le cose che non ci riguardano, ma una parte ci riguardano, e assumere impegni veri che si possono mantenere.<\/p>\n<p style=\"text-align: justify;\"><span style=\"text-decoration: underline;\">Gigi Bellassai<\/span><\/p>\n<p style=\"text-align: justify;\"><strong>D: Vuol essere un segnale forte la vostra presenza qui a Santa Croce, il voler incontrare i cittadini?<\/strong><\/p>\n<p style=\"text-align: justify;\"><strong>R:<\/strong> Santa Croce \u00e8 fondamentale per il modello di sviluppo che noi pensiamo debba avere la Provincia di Ragusa. Un modello di sviluppo legato soprattutto al turismo ed all\u2019agricoltura. Sono due elementi nodali che Santa Croce valorizza al meglio. Il turismo perch\u00e9 \u00e8 il nostro sbocco al mare che, con l\u2019apertura dell\u2019aeroporto di Comiso, dovr\u00e0 essere pronto a recepire tutto ci\u00f2 che avverr\u00e0 nella modificazione morfologica del territorio e l\u2019agricoltura, che vive una crisi senza precedenti, che naturalmente ha bisogno di politiche nazionali che mettano al centro dell\u2019agenda nazionale e del rapporto con l\u2019Europa il suo sostegno, per un\u2019agricoltura innovata e di qualit\u00e0. Io sono candidato al Senato e proprio al Senato si gioca la partita pi\u00f9 importante per il governo del Paese. Vogliamo chiedere agli indecisi di dare un voto utile, che sarebbe doppiamente utile, innanzitutto per la governabilit\u00e0 del Paese poi per eleggere la mia persona. Se dovesse essere confermata l\u2019ipotesi di vittoria al Senato, essendo ottavo, sarei eletto e la Provincia di Ragusa avrebbe due parlamentari Pd con un gran radicamento territoriale e, in particolare io che sono originario dell\u2019ipparino avrei tutto l\u2019interesse per valorizzare quei due elementi di cui parlavo: turismo e agricoltura. Entrambi collegati alle sorti del governo nazionale. Quando ci si mette la faccia ci si mette anche il cuore.<\/p>\n<p style=\"text-align: right;\"><span style=\"text-align: right;\"><strong>Antonella Galuppi \u00a0<\/strong><\/span><\/p>\n<p style=\"text-align: center;\"><span style=\"text-align: right;\"><strong><\/strong><a href=\"https:\/\/www.santacroceweb.com\/giornale1\/wp-content\/uploads\/2013\/02\/66175_567264199952968_2032498832_n1.jpg\"><img fetchpriority=\"high\" decoding=\"async\" class=\"aligncenter size-medium wp-image-2107 lazyload\" title=\"66175_567264199952968_2032498832_n[1]\" src=\"data:image\/gif;base64,R0lGODlhAQABAAAAACH5BAEKAAEALAAAAAABAAEAAAICTAEAOw==\" data-src=\"https:\/\/www.santacroceweb.com\/giornale1\/wp-content\/uploads\/2013\/02\/66175_567264199952968_2032498832_n1-225x300.jpg\" alt=\"\" width=\"225\" height=\"300\" data-sizes=\"auto\" data-srcset=\"https:\/\/www.santacroceweb.com\/giornale1\/wp-content\/uploads\/2013\/02\/66175_567264199952968_2032498832_n1-225x300.jpg 225w, https:\/\/www.santacroceweb.com\/giornale1\/wp-content\/uploads\/2013\/02\/66175_567264199952968_2032498832_n1.jpg 720w\" sizes=\"(max-width: 225px) 100vw, 225px\" \/><\/a> \u00a0\u00a0<\/span><\/p>\n","protected":false},"excerpt":{"rendered":"<p>In esclusiva per Santa Croce Web riportiamo le interviste all\u2019On. Pippo di Giacomo, presidente della commissione Sanit\u00e0 all\u2019ARS, e ai candidati Pd alle prossime elezioni nazionali, Gianni Battaglia e Gigi Bellassai. On. Pippo Di Giacomo D: Qual \u00e8 il senso, il significato della sua presenza qui a Santa Croce? R: Il senso, il significato \u00e8 [&hellip;]<\/p>\n","protected":false},"author":4,"featured_media":2106,"comment_status":"open","ping_status":"open","sticky":false,"template":"","format":"standard","meta":{"footnotes":""},"categories":[1,4],"tags":[],"class_list":["post-2105","post","type-post","status-publish","format-standard","has-post-thumbnail","hentry","category-news","category-politica"],"_links":{"self":[{"href":"https:\/\/www.santacroceweb.com\/index.php\/wp-json\/wp\/v2\/posts\/2105","targetHints":{"allow":["GET"]}}],"collection":[{"href":"https:\/\/www.santacroceweb.com\/index.php\/wp-json\/wp\/v2\/posts"}],"about":[{"href":"https:\/\/www.santacroceweb.com\/index.php\/wp-json\/wp\/v2\/types\/post"}],"author":[{"embeddable":true,"href":"https:\/\/www.santacroceweb.com\/index.php\/wp-json\/wp\/v2\/users\/4"}],"replies":[{"embeddable":true,"href":"https:\/\/www.santacroceweb.com\/index.php\/wp-json\/wp\/v2\/comments?post=2105"}],"version-history":[{"count":0,"href":"https:\/\/www.santacroceweb.com\/index.php\/wp-json\/wp\/v2\/posts\/2105\/revisions"}],"wp:featuredmedia":[{"embeddable":true,"href":"https:\/\/www.santacroceweb.com\/index.php\/wp-json\/wp\/v2\/media\/2106"}],"wp:attachment":[{"href":"https:\/\/www.santacroceweb.com\/index.php\/wp-json\/wp\/v2\/media?parent=2105"}],"wp:term":[{"taxonomy":"category","embeddable":true,"href":"https:\/\/www.santacroceweb.com\/index.php\/wp-json\/wp\/v2\/categories?post=2105"},{"taxonomy":"post_tag","embeddable":true,"href":"https:\/\/www.santacroceweb.com\/index.php\/wp-json\/wp\/v2\/tags?post=2105"}],"curies":[{"name":"wp","href":"https:\/\/api.w.org\/{rel}","templated":true}]}}