{"id":21798,"date":"2014-11-25T12:34:26","date_gmt":"2014-11-25T11:34:26","guid":{"rendered":"http:\/\/www.santacroceweb.com\/giornale1\/?p=21798"},"modified":"2014-11-25T12:35:13","modified_gmt":"2014-11-25T11:35:13","slug":"il-sindaco-iurato-aumentiamo-il-monte-orari-per-i-dipendenti-part-time","status":"publish","type":"post","link":"https:\/\/www.santacroceweb.com\/index.php\/2014\/11\/25\/il-sindaco-iurato-aumentiamo-il-monte-orari-per-i-dipendenti-part-time\/","title":{"rendered":"Il sindaco Iurato: &#8220;Aumentiamo il monte orari per i dipendenti part time&#8221;"},"content":{"rendered":"<p style=\"text-align: justify;\">Conferenza\u00a0 stampa luned\u00ec nella tarda mattinata del sindaco Franca Iurato. Il primo cittadino della \u201ccitt\u00e0 del sole\u201d ha voluto comunicare agli organi di informazione\u00a0come l\u2019amministrazione da lei retta, va, in senso positivo, controcorrente, aumentando il monte orario e stabilizzando per quanto possibile un numero considerevole di persone: &#8220;Ben 25 unit\u00e0 lavorative usufruiranno dell\u2019aumento degli orari lavorativi, in questo modo saranno date\u00a0pi\u00f9 risorse economiche alle persone in oggetto. Ma ci sar\u00e0 anche la possibilit\u00e0 di aumentare l\u2019efficienza di alcuni servizi. Ricordiamo che, mentre\u00a0 parecchi altri comuni si dibattono in mille difficolt\u00e0 per pagare gli stipendi, quando addirittura non riducono il personale, noi, fra le pieghe delle risorse a nostra disposizione, aumentiamo le occasioni di lavoro ad alcuni dei nostri dipendenti part time. Facciamo notare anche, mentre altri blaterano, che noi amministratori e la Presidente del Consiglio, fin dal nostro insediamento, ci siamo dimezzati le indennit\u00e0, lasciando nelle casse del Comune circa 45mila euro di risparmi. Questi sono fatti e non parole. Qualcuno potrebbe obiettare come mai si \u00e8 scelto di fare questa operazione di aumento di orari lavorativi piuttosto che destinare risorse per altro, ebbene, \u00e8 una nostra precisa scelta politica di cui ci assumiamo la piena responsabilit\u00e0&#8221;. Queste le dichiarazioni del sindaco Franca Iurato. Intanto ieri sera si \u00e8 tenuta una seduta del consiglio comunale con all\u2019ordine del giorno, fra gli altri, &#8220;variazioni di bilancio e storni&#8221;.<\/p>\n<p style=\"text-align: right;\"><strong>\u00a0Salvo Dimartino<\/strong><\/p>\n<p style=\"text-align: center;\"><a href=\"https:\/\/www.santacroceweb.com\/giornale1\/wp-content\/uploads\/2014\/11\/IMG_20141124_131458.jpg\"><img fetchpriority=\"high\" decoding=\"async\" class=\"aligncenter size-medium wp-image-21802 lazyload\" src=\"data:image\/gif;base64,R0lGODlhAQABAAAAACH5BAEKAAEALAAAAAABAAEAAAICTAEAOw==\" data-src=\"https:\/\/www.santacroceweb.com\/giornale1\/wp-content\/uploads\/2014\/11\/IMG_20141124_131458-300x180.jpg\" alt=\"IMG_20141124_131458\" width=\"300\" height=\"180\" data-sizes=\"auto\" data-srcset=\"https:\/\/www.santacroceweb.com\/giornale1\/wp-content\/uploads\/2014\/11\/IMG_20141124_131458-300x180.jpg 300w, https:\/\/www.santacroceweb.com\/giornale1\/wp-content\/uploads\/2014\/11\/IMG_20141124_131458-768x461.jpg 768w, https:\/\/www.santacroceweb.com\/giornale1\/wp-content\/uploads\/2014\/11\/IMG_20141124_131458-1024x614.jpg 1024w\" sizes=\"(max-width: 300px) 100vw, 300px\" \/><\/a><\/p>\n","protected":false},"excerpt":{"rendered":"<p>Conferenza\u00a0 stampa luned\u00ec nella tarda mattinata del sindaco Franca Iurato. Il primo cittadino della \u201ccitt\u00e0 del sole\u201d ha voluto comunicare agli organi di informazione\u00a0come l\u2019amministrazione da lei retta, va, in senso positivo, controcorrente, aumentando il monte orario e stabilizzando per quanto possibile un numero considerevole di persone: &#8220;Ben 25 unit\u00e0 lavorative usufruiranno dell\u2019aumento degli orari [&hellip;]<\/p>\n","protected":false},"author":34,"featured_media":21799,"comment_status":"open","ping_status":"open","sticky":false,"template":"","format":"standard","meta":{"footnotes":""},"categories":[4,11],"tags":[],"class_list":["post-21798","post","type-post","status-publish","format-standard","has-post-thumbnail","hentry","category-politica","category-primopiano"],"_links":{"self":[{"href":"https:\/\/www.santacroceweb.com\/index.php\/wp-json\/wp\/v2\/posts\/21798","targetHints":{"allow":["GET"]}}],"collection":[{"href":"https:\/\/www.santacroceweb.com\/index.php\/wp-json\/wp\/v2\/posts"}],"about":[{"href":"https:\/\/www.santacroceweb.com\/index.php\/wp-json\/wp\/v2\/types\/post"}],"author":[{"embeddable":true,"href":"https:\/\/www.santacroceweb.com\/index.php\/wp-json\/wp\/v2\/users\/34"}],"replies":[{"embeddable":true,"href":"https:\/\/www.santacroceweb.com\/index.php\/wp-json\/wp\/v2\/comments?post=21798"}],"version-history":[{"count":0,"href":"https:\/\/www.santacroceweb.com\/index.php\/wp-json\/wp\/v2\/posts\/21798\/revisions"}],"wp:featuredmedia":[{"embeddable":true,"href":"https:\/\/www.santacroceweb.com\/index.php\/wp-json\/wp\/v2\/media\/21799"}],"wp:attachment":[{"href":"https:\/\/www.santacroceweb.com\/index.php\/wp-json\/wp\/v2\/media?parent=21798"}],"wp:term":[{"taxonomy":"category","embeddable":true,"href":"https:\/\/www.santacroceweb.com\/index.php\/wp-json\/wp\/v2\/categories?post=21798"},{"taxonomy":"post_tag","embeddable":true,"href":"https:\/\/www.santacroceweb.com\/index.php\/wp-json\/wp\/v2\/tags?post=21798"}],"curies":[{"name":"wp","href":"https:\/\/api.w.org\/{rel}","templated":true}]}}