{"id":22207,"date":"2014-12-01T08:30:36","date_gmt":"2014-12-01T07:30:36","guid":{"rendered":"http:\/\/www.santacroceweb.com\/giornale1\/?p=22207"},"modified":"2014-12-01T22:16:08","modified_gmt":"2014-12-01T21:16:08","slug":"ancora-cronaca-anziana-aggredita-in-casa-danneggiato-imprenditore-agricolo","status":"publish","type":"post","link":"https:\/\/www.santacroceweb.com\/index.php\/2014\/12\/01\/ancora-cronaca-anziana-aggredita-in-casa-danneggiato-imprenditore-agricolo\/","title":{"rendered":"Ancora cronaca: anziana aggredita in casa, danni a imprenditore agricolo"},"content":{"rendered":"<p style=\"text-align: justify;\">Non fanno quasi pi\u00f9 notizia gli episodi di microcriminalit\u00e0 a Santa Croce. Venerd\u00ec sera, erano da poco passate le 19.30, una signora di 93 anni \u00e8 stata aggredita in casa. La badante era andata via da poco, quando suonano al campanello dell\u2019anziana donna, un\u2019abitazione a piano terra in via Carmine superiore. La donna, G.D.P., apre, convinta fosse ancora la badante, invece due energumeni di nazionalit\u00e0 nordafricana la spingono dentro con violenza. L\u2019anziana cade rovinosamente a terra, le strappano la collana dal collo, gli anelli che porta alle dita, e scappano via, lasciando la poveretta sul pavimento dolorante e la porta spalancata. Una vicina di casa sente le grida della donna e accorre soccorrendola: per fortuna solo un grande spavento e qualche ecchimosi.<\/p>\n<p style=\"text-align: justify;\">Sabato mattina, invece, una brutta sorpresa per un imprenditore agricolo, Peppe Campo. Il giovane imprenditore arriva di buon\u2019ora in campagna e trova diverse coperture della serra vandalizzate, diverse piante di pomodoro \u201caccimate\u201d cio\u00e8 con i germogli finali tagliati, parecchie arnie contenenti le api per l\u2019impollinazione mancanti. Insomma l\u2019ennesima incursione dei soliti ignoti. &#8220;In un mese sono stato vittima di queste sgradevoli sorprese altre tre volte, sia in questo insediamento, qui a Randello, che in quello di Punta Braccetto, non se ne pu\u00f2 pi\u00f9. Sono stanco di subire queste continue azioni malavitose. Non basta forse la grave crisi che investe il comparto? Lottiamo ogni giorno contro tutto e tutti, basta, siamo stanchi. Quando la sera vado a letto, prego perch\u00e9 l\u2019indomani non trovi disastri in campagna. Questa non \u00e8 vita, sempre eternamente con l\u2019ansia addosso&#8221;.\u00a0 Questo lo sfogo di un imprenditore amareggiato che, con grande sacrificio, cerca di fare andare avanti la propria azienda. Gli imprenditori, i cittadini tutti, i commercianti, da qualche tempo non riescono pi\u00f9 a dormire sonni tranquilli. Le forze dell\u2019ordine fanno quel che possono, ma gli uomini e i mezzi sono quelli che sono ed il territorio da controllare \u00e8 molto vasto. Eppure qualcosa bisognerebbe fare: queste grida di dolore vanno assolutamente ascoltate da chi di dovere.<\/p>\n<div id='gallery-1' class='gallery galleryid-22207 gallery-columns-4 gallery-size-thumbnail'><figure class='gallery-item'>\n\t\t\t<div class='gallery-icon portrait'>\n\t\t\t\t<a href='https:\/\/www.santacroceweb.com\/giornale1\/wp-content\/uploads\/2014\/11\/IMG-20141129-WA00081.jpg'><img decoding=\"async\" width=\"150\" height=\"150\" src=\"https:\/\/www.santacroceweb.com\/giornale1\/wp-content\/uploads\/2014\/11\/IMG-20141129-WA00081.jpg\" class=\"attachment-thumbnail size-thumbnail jl-lazyload lazyload\" alt=\"\" data-src=\"https:\/\/www.santacroceweb.com\/giornale1\/wp-content\/uploads\/2014\/11\/IMG-20141129-WA00081-150x150.jpg\" \/><\/a>\n\t\t\t<\/div><\/figure><figure class='gallery-item'>\n\t\t\t<div class='gallery-icon portrait'>\n\t\t\t\t<a href='https:\/\/www.santacroceweb.com\/giornale1\/wp-content\/uploads\/2014\/11\/piante-ok.jpg'><img decoding=\"async\" width=\"150\" height=\"150\" src=\"https:\/\/www.santacroceweb.com\/giornale1\/wp-content\/uploads\/2014\/11\/piante-ok.jpg\" class=\"attachment-thumbnail size-thumbnail jl-lazyload lazyload\" alt=\"\" data-src=\"https:\/\/www.santacroceweb.com\/giornale1\/wp-content\/uploads\/2014\/11\/piante-ok-150x150.jpg\" \/><\/a>\n\t\t\t<\/div><\/figure><figure class='gallery-item'>\n\t\t\t<div class='gallery-icon portrait'>\n\t\t\t\t<a href='https:\/\/www.santacroceweb.com\/giornale1\/wp-content\/uploads\/2014\/11\/IMG-20141129-WA0004.jpg'><img decoding=\"async\" width=\"150\" height=\"150\" src=\"https:\/\/www.santacroceweb.com\/giornale1\/wp-content\/uploads\/2014\/11\/IMG-20141129-WA0004.jpg\" class=\"attachment-thumbnail size-thumbnail jl-lazyload lazyload\" alt=\"\" data-src=\"https:\/\/www.santacroceweb.com\/giornale1\/wp-content\/uploads\/2014\/11\/IMG-20141129-WA0004-150x150.jpg\" \/><\/a>\n\t\t\t<\/div><\/figure><figure class='gallery-item'>\n\t\t\t<div class='gallery-icon portrait'>\n\t\t\t\t<a href='https:\/\/www.santacroceweb.com\/giornale1\/wp-content\/uploads\/2014\/11\/9.jpg'><img loading=\"lazy\" decoding=\"async\" width=\"150\" height=\"150\" src=\"https:\/\/www.santacroceweb.com\/giornale1\/wp-content\/uploads\/2014\/11\/9.jpg\" class=\"attachment-thumbnail size-thumbnail jl-lazyload lazyload\" alt=\"\" data-src=\"https:\/\/www.santacroceweb.com\/giornale1\/wp-content\/uploads\/2014\/11\/9-150x150.jpg\" \/><\/a>\n\t\t\t<\/div><\/figure><figure class='gallery-item'>\n\t\t\t<div class='gallery-icon portrait'>\n\t\t\t\t<a href='https:\/\/www.santacroceweb.com\/giornale1\/wp-content\/uploads\/2014\/11\/IMG-20141129-WA0003.jpg'><img loading=\"lazy\" decoding=\"async\" width=\"150\" height=\"150\" src=\"https:\/\/www.santacroceweb.com\/giornale1\/wp-content\/uploads\/2014\/11\/IMG-20141129-WA0003.jpg\" class=\"attachment-thumbnail size-thumbnail jl-lazyload lazyload\" alt=\"\" data-src=\"https:\/\/www.santacroceweb.com\/giornale1\/wp-content\/uploads\/2014\/11\/IMG-20141129-WA0003-150x150.jpg\" \/><\/a>\n\t\t\t<\/div><\/figure><figure class='gallery-item'>\n\t\t\t<div class='gallery-icon portrait'>\n\t\t\t\t<a href='https:\/\/www.santacroceweb.com\/giornale1\/wp-content\/uploads\/2014\/11\/IMG-20141129-WA0005.jpg'><img loading=\"lazy\" decoding=\"async\" width=\"150\" height=\"150\" src=\"https:\/\/www.santacroceweb.com\/giornale1\/wp-content\/uploads\/2014\/11\/IMG-20141129-WA0005.jpg\" class=\"attachment-thumbnail size-thumbnail jl-lazyload lazyload\" alt=\"\" data-src=\"https:\/\/www.santacroceweb.com\/giornale1\/wp-content\/uploads\/2014\/11\/IMG-20141129-WA0005-150x150.jpg\" \/><\/a>\n\t\t\t<\/div><\/figure>\n\t\t<\/div>\n\n","protected":false},"excerpt":{"rendered":"<p>Non fanno quasi pi\u00f9 notizia gli episodi di microcriminalit\u00e0 a Santa Croce. Venerd\u00ec sera, erano da poco passate le 19.30, una signora di 93 anni \u00e8 stata aggredita in casa. La badante era andata via da poco, quando suonano al campanello dell\u2019anziana donna, un\u2019abitazione a piano terra in via Carmine superiore. La donna, G.D.P., apre, [&hellip;]<\/p>\n","protected":false},"author":34,"featured_media":22248,"comment_status":"open","ping_status":"open","sticky":false,"template":"","format":"standard","meta":{"footnotes":""},"categories":[7,11],"tags":[],"class_list":["post-22207","post","type-post","status-publish","format-standard","has-post-thumbnail","hentry","category-cronaca","category-primopiano"],"_links":{"self":[{"href":"https:\/\/www.santacroceweb.com\/index.php\/wp-json\/wp\/v2\/posts\/22207","targetHints":{"allow":["GET"]}}],"collection":[{"href":"https:\/\/www.santacroceweb.com\/index.php\/wp-json\/wp\/v2\/posts"}],"about":[{"href":"https:\/\/www.santacroceweb.com\/index.php\/wp-json\/wp\/v2\/types\/post"}],"author":[{"embeddable":true,"href":"https:\/\/www.santacroceweb.com\/index.php\/wp-json\/wp\/v2\/users\/34"}],"replies":[{"embeddable":true,"href":"https:\/\/www.santacroceweb.com\/index.php\/wp-json\/wp\/v2\/comments?post=22207"}],"version-history":[{"count":0,"href":"https:\/\/www.santacroceweb.com\/index.php\/wp-json\/wp\/v2\/posts\/22207\/revisions"}],"wp:featuredmedia":[{"embeddable":true,"href":"https:\/\/www.santacroceweb.com\/index.php\/wp-json\/wp\/v2\/media\/22248"}],"wp:attachment":[{"href":"https:\/\/www.santacroceweb.com\/index.php\/wp-json\/wp\/v2\/media?parent=22207"}],"wp:term":[{"taxonomy":"category","embeddable":true,"href":"https:\/\/www.santacroceweb.com\/index.php\/wp-json\/wp\/v2\/categories?post=22207"},{"taxonomy":"post_tag","embeddable":true,"href":"https:\/\/www.santacroceweb.com\/index.php\/wp-json\/wp\/v2\/tags?post=22207"}],"curies":[{"name":"wp","href":"https:\/\/api.w.org\/{rel}","templated":true}]}}