{"id":22751,"date":"2014-12-06T16:27:14","date_gmt":"2014-12-06T15:27:14","guid":{"rendered":"http:\/\/www.santacroceweb.com\/giornale1\/?p=22751"},"modified":"2014-12-06T16:27:14","modified_gmt":"2014-12-06T15:27:14","slug":"una-settimana-senza-loris-questo-natale-non-sara-come-gli-altri-il-punto","status":"publish","type":"post","link":"https:\/\/www.santacroceweb.com\/index.php\/2014\/12\/06\/una-settimana-senza-loris-questo-natale-non-sara-come-gli-altri-il-punto\/","title":{"rendered":"Una settimana senza Loris: questo Natale non sar\u00e0 come gli altri <font color='red'>IL PUNTO<\/font>"},"content":{"rendered":"<p style=\"text-align: justify;\">E\u2019 gi\u00e0 trascorsa una settimana da quando tu, piccolo Loris, non ci sei pi\u00f9. Se ne sono andati insieme a te i sorrisi, le marachelle, i sogni di un bambino che non diventer\u00e0 mai grande. Strappato alla vita dalla brutalit\u00e0 di chi un cuore non ce l\u2019ha, da chi non merita neppure d\u2019essere citato. Questo Natale non sar\u00e0 lo stesso per chi ti vuole bene e qui, nel tuo paese, ti vogliono bene in tanti. Non ci sar\u00e0 un Natale per noi senza di te, non ci sar\u00e0 una festa da celebrare. Ci consoliamo solo pensando che il Bambino Ges\u00f9, quest\u2019anno, nascer\u00e0 avendoti accanto\u2026<\/p>\n","protected":false},"excerpt":{"rendered":"<p>E\u2019 gi\u00e0 trascorsa una settimana da quando tu, piccolo Loris, non ci sei pi\u00f9. Se ne sono andati insieme a te i sorrisi, le marachelle, i sogni di un bambino che non diventer\u00e0 mai grande. Strappato alla vita dalla brutalit\u00e0 di chi un cuore non ce l\u2019ha, da chi non merita neppure d\u2019essere citato. Questo [&hellip;]<\/p>\n","protected":false},"author":4,"featured_media":22755,"comment_status":"open","ping_status":"open","sticky":false,"template":"","format":"video","meta":{"footnotes":""},"categories":[7],"tags":[],"class_list":["post-22751","post","type-post","status-publish","format-video","has-post-thumbnail","hentry","category-cronaca","post_format-post-format-video"],"_links":{"self":[{"href":"https:\/\/www.santacroceweb.com\/index.php\/wp-json\/wp\/v2\/posts\/22751","targetHints":{"allow":["GET"]}}],"collection":[{"href":"https:\/\/www.santacroceweb.com\/index.php\/wp-json\/wp\/v2\/posts"}],"about":[{"href":"https:\/\/www.santacroceweb.com\/index.php\/wp-json\/wp\/v2\/types\/post"}],"author":[{"embeddable":true,"href":"https:\/\/www.santacroceweb.com\/index.php\/wp-json\/wp\/v2\/users\/4"}],"replies":[{"embeddable":true,"href":"https:\/\/www.santacroceweb.com\/index.php\/wp-json\/wp\/v2\/comments?post=22751"}],"version-history":[{"count":0,"href":"https:\/\/www.santacroceweb.com\/index.php\/wp-json\/wp\/v2\/posts\/22751\/revisions"}],"wp:featuredmedia":[{"embeddable":true,"href":"https:\/\/www.santacroceweb.com\/index.php\/wp-json\/wp\/v2\/media\/22755"}],"wp:attachment":[{"href":"https:\/\/www.santacroceweb.com\/index.php\/wp-json\/wp\/v2\/media?parent=22751"}],"wp:term":[{"taxonomy":"category","embeddable":true,"href":"https:\/\/www.santacroceweb.com\/index.php\/wp-json\/wp\/v2\/categories?post=22751"},{"taxonomy":"post_tag","embeddable":true,"href":"https:\/\/www.santacroceweb.com\/index.php\/wp-json\/wp\/v2\/tags?post=22751"}],"curies":[{"name":"wp","href":"https:\/\/api.w.org\/{rel}","templated":true}]}}