{"id":23460,"date":"2014-12-15T12:49:33","date_gmt":"2014-12-15T11:49:33","guid":{"rendered":"http:\/\/www.santacroceweb.com\/giornale1\/?p=23460"},"modified":"2014-12-15T15:44:21","modified_gmt":"2014-12-15T14:44:21","slug":"loris-lautopsia-non-si-e-ancora-conclusa-slitta-la-restituzione-della-salma","status":"publish","type":"post","link":"https:\/\/www.santacroceweb.com\/index.php\/2014\/12\/15\/loris-lautopsia-non-si-e-ancora-conclusa-slitta-la-restituzione-della-salma\/","title":{"rendered":"Loris, l&#8217;autopsia non si \u00e8 ancora conclusa. Slitta la restituzione della salma"},"content":{"rendered":"<p style=\"text-align: justify;\">Non si sono ancora conclusi gli accertamenti medico-legali sul corpo di Loris Stival, il bambino di otto anni trovato morto il 29 novembre scorso a Santa Croce. La mamma, Veronica Panarello, \u00e8 detenuta con l&#8217;accusa di averlo strangolato e poi di essersi liberata del corpo del figlio. Si \u00e8 tenuto a Ragusa un vertice tra magistrati e investigatori che stanno indagando sul caso per un ulteriore punto della situazione. Polizia e Carabinieri stanno infatti eseguendo altri accertamenti. Non si \u00e8 ancora appreso con certezza quando la salma sar\u00e0 restituita alla famiglia e la data dei funerali; la Procura infatti, con l&#8217;autopsia ancora in corso, non ha firmato il nulla osta per il rilascio. Mercoled\u00ec, comunque, dovrebbe essere il primo giorno utile per celebrare le esequie. &#8220;La prossima mossa della difesa sar\u00e0 quella di ricorrere al Tribunale del Riesame&#8221; ha spiegato invece Francesco Villardita, l&#8217;avvocato di Veronica Panarello. Intanto stamattina il pap\u00e0 della donna ha portato nel carcere di Catania un borsone con vestiti e ricambi per la figlia.<\/p>\n<p style=\"text-align: justify;\"><span style=\"color: #0000ff;\"><strong>MA ERA TUTTO PREMEDITATO?<\/strong><\/span><br \/>\nNon convince la &#8220;ricognizione&#8221; della Polo nera di Veronica, la mattina di sabato 29 novembre, al mulino intorno alle 8.35. Mentre Loris \u00e8 a casa, da solo, la donna pensa bene di recarsi in quella zona dove al pomeriggio sar\u00e0 ritrovato il corpo del figlio senza vita. Perch\u00e9 ci \u00e8 andata? Al momento la premeditazione non \u00e8 inserita fra i capi d&#8217;accusa della procura, ma la circostanza \u00e8 rintenuta strana. &#8220;Forse \u00e8 andata a controllare che non ci fosse gente nei dintorni&#8221; si spinge a dire un investigatore, ma la tesi \u00e8 tutta da dimostrare.<\/p>\n<p style=\"text-align: justify;\"><span style=\"color: #0000ff;\"><strong>IL PADRE DI VERONICA: &#8220;E&#8217; INNOCENTE&#8221;<\/strong><\/span><br \/>\nFin qui non era mai apparso. Adesso anche il padre di Veronica partecipa al dibattito. Secondo lui la figlia \u00e8 innocente perch\u00e9 &#8220;la vigilessa in servizio quella mattina a scuola ha confermato di averla vista passare con la macchina&#8221; spiega l&#8217;uomo, 55 anni, al &#8216;Corriere della Sera&#8217;. &#8220;E poi &#8211; continua &#8211; come avrebbe potuto Veronica, piccola, esile, fare tre piani di scala con il cadavere del bambino in braccio, in pieno giorno, portarlo nel canale e buttarcelo dentro? Non \u00e8 stata Veronica &#8211; assicura -. Ci \u00e8 piovuto addosso tanto fango&#8221;. La figlia, secondo l&#8217;uomo, non conosceva la zona del mulino, come invece rivelato dall&#8217;ex moglie Carmela e dall&#8217;altra figlia Antonella: &#8220;Hanno detto che Veronica conosceva bene il Vecchio Mulino perch\u00e9 da piccola andava a prendere l&#8217;acqua laggi\u00f9? Non \u00e8 vero: noi bevevamo acqua minerale in bottiglia. E io non facevo il contadino nelle serre laggi\u00f9: ho sempre fatto il camionista&#8221;. Pap\u00e0 Francesco conferma per\u00f2 che dodici anni fa, quando lui si separ\u00f2 dalla moglie, la piccola Veronica ne soffr\u00ec molto. &#8220;Fu allora che volle andarsene via dalla famiglia, con Davide Stival. E io la lasciai andare&#8221;. Per\u00f2 i rapporti con lei non si sono chiusi. Il padre \u00e8 subito andato da Veronica quando \u00e8 stato trovato il corpo del piccolo. &#8220;Le ho detto di farsi forza e che non l&#8217;avrei mai lasciata sola&#8221;.<\/p>\n","protected":false},"excerpt":{"rendered":"<p>Non si sono ancora conclusi gli accertamenti medico-legali sul corpo di Loris Stival, il bambino di otto anni trovato morto il 29 novembre scorso a Santa Croce. La mamma, Veronica Panarello, \u00e8 detenuta con l&#8217;accusa di averlo strangolato e poi di essersi liberata del corpo del figlio. Si \u00e8 tenuto a Ragusa un vertice tra [&hellip;]<\/p>\n","protected":false},"author":34,"featured_media":22312,"comment_status":"open","ping_status":"open","sticky":false,"template":"","format":"standard","meta":{"footnotes":""},"categories":[7],"tags":[],"class_list":["post-23460","post","type-post","status-publish","format-standard","has-post-thumbnail","hentry","category-cronaca"],"_links":{"self":[{"href":"https:\/\/www.santacroceweb.com\/index.php\/wp-json\/wp\/v2\/posts\/23460","targetHints":{"allow":["GET"]}}],"collection":[{"href":"https:\/\/www.santacroceweb.com\/index.php\/wp-json\/wp\/v2\/posts"}],"about":[{"href":"https:\/\/www.santacroceweb.com\/index.php\/wp-json\/wp\/v2\/types\/post"}],"author":[{"embeddable":true,"href":"https:\/\/www.santacroceweb.com\/index.php\/wp-json\/wp\/v2\/users\/34"}],"replies":[{"embeddable":true,"href":"https:\/\/www.santacroceweb.com\/index.php\/wp-json\/wp\/v2\/comments?post=23460"}],"version-history":[{"count":0,"href":"https:\/\/www.santacroceweb.com\/index.php\/wp-json\/wp\/v2\/posts\/23460\/revisions"}],"wp:featuredmedia":[{"embeddable":true,"href":"https:\/\/www.santacroceweb.com\/index.php\/wp-json\/wp\/v2\/media\/22312"}],"wp:attachment":[{"href":"https:\/\/www.santacroceweb.com\/index.php\/wp-json\/wp\/v2\/media?parent=23460"}],"wp:term":[{"taxonomy":"category","embeddable":true,"href":"https:\/\/www.santacroceweb.com\/index.php\/wp-json\/wp\/v2\/categories?post=23460"},{"taxonomy":"post_tag","embeddable":true,"href":"https:\/\/www.santacroceweb.com\/index.php\/wp-json\/wp\/v2\/tags?post=23460"}],"curies":[{"name":"wp","href":"https:\/\/api.w.org\/{rel}","templated":true}]}}