{"id":23990,"date":"2014-12-31T21:00:36","date_gmt":"2014-12-31T20:00:36","guid":{"rendered":"http:\/\/www.santacroceweb.com\/giornale1\/?p=23990"},"modified":"2014-12-31T21:44:58","modified_gmt":"2014-12-31T20:44:58","slug":"auguri-capodanno","status":"publish","type":"post","link":"https:\/\/www.santacroceweb.com\/index.php\/2014\/12\/31\/auguri-capodanno\/","title":{"rendered":"<font color=red>Tanti auguri di Buon Anno<\/font> ai lettori di Santa Croce Web in giro per il mondo"},"content":{"rendered":"<p style=\"text-align: justify;\">Quello appena trascorso \u00e8 stato un anno importante per la nostra testata online. Un anno che ha permesso di consolidare il nostro ruolo all&#8217;interno della citt\u00e0 e di diventare un punto di riferimento per tutti i compaesani che si trovano all&#8217;estero. Un anno che ha fatto registrare accessi record (abbiamo toccato i 17.400 contatti in una singola giornata) e partnership commerciali inattese. Ma in cui spesso, troppo spesso, ci siamo trovati a raccontare episodi spiacevoli, a volte tragici. In virt\u00f9 di questo, gli editori, il direttore responsabile e tutta la redazione di Santa Croce Web rivolgono ai lettori e a tutti i santacrocesi un 2015 all&#8217;insegna della serenit\u00e0. In questo momento storico ce n&#8217;\u00e8 davvero bisogno. Auguri a tutti!<\/p>\n<p style=\"text-align: justify;\"><span style=\"text-decoration: underline;\"><em><span style=\"color: #ff0000;\"><strong>Sotto una rassegna di auguri da parte nostra e non solo&#8230;<\/strong><\/span><\/em><\/span><\/p>\n<div class=\"text\">\n<div class=\"text\">\n<p style=\"text-align: justify;\">&#8220;L\u2019augurio che vi do \u00e8 accompagnato da un grazie \u2026<\/p>\n<p style=\"text-align: justify;\">\u2013 un grazie particolare a chi c\u2019\u00e8 sempre stato e mi ha dato senza chiedere nulla in cambio<br \/>\n\u2013 un grazie a chi non c\u2019\u00e8 pi\u00f9 e che dall\u2019alto possa comprendere e perdonare ogni cosa<br \/>\n\u2013 un grazie a chi con un semplice sguardo esprime il suo affetto, stima e amicizia<br \/>\n\u2013 un grazie alla mia famiglia che mi d\u00e0 un immenso amore incondizionato,<br \/>\n\u2013 un grazie a mia moglie che mi ama e mi sta accanto nel bene e nel male,<br \/>\n\u2013 un grazie ai miei amici e colleghi di lavoro che in ogni momento mi sostengono e mi danno la forza per essere sempre impegnato e presente anche in momenti particolari<br \/>\n\u2013 un grazie speciale ai miei figli che sono la mia unica fonte di vita<\/p>\n<p style=\"text-align: justify;\">\u2026e un Buon Anno va a tutti voi che state leggendo questo messaggio&#8221;.<\/p>\n<p style=\"text-align: justify;\"><em><strong>(Piero)<\/strong><\/em><\/p>\n<div class=\"text\" style=\"text-align: justify;\">\n<p>&#8220;Gli ultimi 12 mesi sono stati diversi per tutti, ma ognuno di noi ha fatto qualcosa per migliorare la propria vita e quella degli altri, si sar\u00e0 posto un obiettivo che ha raggiunto o sta ancora lavorando per raggiungerlo, l\u2019importante \u00e8 non arrendersi mai.<br \/>\nUn pensiero va sempre a chi quest\u2019anno, come sappiamo tutti, ha subito un dramma, ma che possa <b>rialzarsi <\/b>.<br \/>\nUn augurio va fatto a chi tutti i giorni si sveglia e ha un sogno da realizzare.<br \/>\nBuon anno sognatori.<\/p>\n<p>Ps se non hai un sogno, trovalo e fai di tutto per raggiungerlo&#8221;.<\/p>\n<p><em><strong>(Orazio Emmolo)<\/strong><\/em><\/p>\n<\/div>\n<\/div>\n<p style=\"text-align: justify;\">&#8220;Viviamo meglio i nostri tempi, viviamo meglio la nostra collettivit\u00e0, viviamo meglio gli affetti, viviamo meglio gli occhi di chi ci sorride.<br \/>\nVivano meglio gli italiani onesti, i lavoratori e le famiglie che non arrivano a fine mese, i giovani che cercano il lavoro, i paesi affondati dalle guerre.<br \/>\nVivano meglio quelli che hanno dato una svolta nella loro vita e cercano un vero riscatto, i bambini, gli imprenditori sani e gli artigiani virtuosi.<br \/>\nVivere, non sopravvivere\u2026altrimenti non \u00e8 necessario fare alcun augurio! Buon Anno!&#8221;.<\/p>\n<p style=\"text-align: justify;\"><em><strong>(Valentina Licitra)<\/strong><\/em><\/p>\n<p style=\"text-align: justify;\">&#8220;Speriamo che il 2015 sia un anno migliore, all\u2019insegna della trasparenza globale: il no alla mafia, il no alla droga e al doping, il no al muos, il no alle trivellazioni: mi aspetto pi\u00f9 rispetto dell\u2019ambiente che ci circonda ed il ritorno dei veri valori della vita, proprio perch\u00e9 la vita \u00e8 un diritto umano. Salvaguardia e tutela della vita in tutti i modi e in tutte le situazioni: W la vita, w il nuovo anno: che sia all\u2019insegna di prosperit\u00e0 e salute per tutti noi\u2026. Tantissimi auguri&#8221;.<\/p>\n<p><em><strong>(anonimo)<\/strong><\/em><\/p>\n<p>&#8220;auguri di un buon anno migliore x tutti&#8221;.<\/p>\n<p><strong><em>(Orazia Graziella Rocca)<\/em><\/strong><\/p>\n<p style=\"text-align: justify;\">&#8220;2014\u2026. un anno ricco di emozioni, \u00a0gioie,sorrisi,tristezza, per me una nuova esperienza quella di MissSantacroceweb,nuove scoperte, nuove amicizie, un fine anno meno sereno per la perdita del piccolo Loris\u2026..e soffermandomi a pensare l\u2019augurio per tutti voi, solo una cosa mi \u00e9 venuta in mente, \u201cAffidiamo la nostra vita nelle mani di Dio solo cos\u00ec potremo avere la certezza che sia un anno colmo di benedizioni\u201d\u2026buon 2015&#8221;.<\/p>\n<p style=\"text-align: justify;\"><em><strong>(Sabrina Zisa)<\/strong><\/em><\/p>\n<p style=\"text-align: justify;\">&#8220;Auguri, per un buon anno migliore di questo brutto 2014. Auguri, agli amici pi\u00f9 cari, auguri,a tutti. La vita \u00e8 cos\u00ec, un giorno si gioisce, altri 20 si soffre. La speranza \u00e8 l\u2019ultima a morire, ecco, continuiamo a sperare, non costa nulla&#8221;.<\/p>\n<p><strong><em>(Salvo Dimartino)<\/em><\/strong><\/p>\n<p style=\"text-align: justify;\">&#8220;Per questo 2015 voglio farmi un augurio personale. Spero di poter essere circondata da persone che sappiano apprezzarmi per quello che sono, che sappiano ricambiare la stima e l\u2019affetto che nutro nei loro confronti, che riescano a starmi vicino nei momenti di difficolt\u00e0 offrendomi la loro protezione, se necessario. Mi auguro di riuscire a trattare con la stessa indifferenza e superficialit\u00e0 coloro che vorrebbero annientarmi e che fino ad ora non ci sono riusciti, ma soprattutto spero di saper prendere le decisioni giuste su quello che questo nuovo anno sta per porre sulla mia strada\u2026Comunque sia, estendo a tutti il medesimo augurio\u2026.&#8221;.<\/p>\n<p><strong><em>(Antonella Galuppi)<\/em><\/strong><\/p>\n<p style=\"text-align: justify;\">&#8220;Il 2014 \u00e8 stato un anno infame, mi ha portato via la persona migliore che abbia mai conosciuto. Per rimarginare la ferita non baster\u00e0 sfogliare la pagina di un calendario. Ma l&#8217;unica cosa che mi auguro, e auguro a tutti, \u00e8 un anno pieno di serenit\u00e0, al fianco delle persone che apprezzate e che vi apprezzano&#8221;.<\/p>\n<p><em><strong>(P.)<\/strong><\/em><\/p>\n<p style=\"text-align: justify;\">&#8220;Auguriamoci per il nuovo anno ogni bene ,anche se \u2026.del bene e del male possiamo avere concezioni molto diverse e ,spesso ,proprio il male pu\u00f2 prendere le sembianze del suo opposto . Per provare a sperare di vivere in un mondo di bene occorre accettare che questo e\u2019 determinato da chi questo nuovo anno lo vivr\u00e0,dalla cultura ,dalle leggi che regolano la nostra societ\u00e0 ,al punto tale che alcuni comportamenti ci sconvolgono e ci inducono a credere che spesso ci si comporti bene per calcolo ,con la speranza che gli altri ci restituiscano le buone azioni con ampio margine di abbondanza.Spesso capita pure di credere che il bene e il male ci complichino la vita ,perch\u00e9 non serve a niente essere buoni se gli altri sono cattivi \u2026Basterebbe evitare cattivi pensieri e azioni e accettare di buon grado il fatto che niente e nessuno e\u2019 perfetto,c\u2019 e\u2019 chi apprezza che ci si occupi di loro e che gli si diano dei consigli e chi ,invece ,per diffidenza innata ,crede sempre di sapere cosa e\u2019 meglio per se\u2019 e per gli altri provando ad imporre le proprie idee, e \u201cle sue regole a piacere\u201d \u2026Per il nuovo anno , seppur nelle difficolt\u00e0 ,dobbiamo cercare ,con un piccolo sforzo,di farci guidare dal bene ,dai nostri sentimenti ,per agire nel modo pi\u00f9 giusto ed evitare cos\u00ec di fare del male,perch\u00e9 su questo saremo tutti d\u2019 accordo:amiamo vedere gli altri felici ed e\u2019 questo a fare la nostra felicit\u00e0 \u2026 AUGURI di ogni bene \u2026&#8221;.<\/p>\n<p style=\"text-align: justify;\"><em><strong>(Giusy Zisa)<\/strong><\/em><\/p>\n<p style=\"text-align: justify;\">La politica pu\u00f2 essere una scienza per creare le condizioni favorevoli alla produttivit\u00e0.<br \/>\nLa politica deve creare le condizioni perch\u00e8 si affermi nella societ\u00e0 un nuovo stato di benessere: questa \u00e8 la nuova misura per valutare la qualit\u00e0 di una politica.<br \/>\nLa politica deve indicare la direzione di marcia della societ\u00e0 e deve farlo attraverso il movimento della societ\u00e0 stessa, attraverso il protagonismo delle forze che sono realmente capaci di promuovere lo sviluppo.<br \/>\nLa politica dovr\u00e0 essere in grado di creare il lavoro\u2026..per i lavoratori, affinche ci sia, uno stato di diritto per tutti !<br \/>\nCon l\u2019 auspicio che arrivi con l\u2019 alba del nuovo anno e che non aspetti\u2026\u2026.. i tempi della politica.<\/p>\n<p style=\"text-align: justify;\"><em><strong>(Salvo Mandar\u00e0)<\/strong><\/em><\/p>\n<p style=\"text-align: justify;\">In un momento in cui molti valori, soprattutto morali si stanno disperdendo.<br \/>\nIn un momento in cui ci si dimentica, operando il piu grave degli errori, del turismo, dell\u2019 archeologia, dell\u2019 enogastronomia, e della bellezza del nostro paesaggio, fino ad oggi invece famoso vuoi per l\u2019 effetto Montalbano e per queste qualit\u00e0\u2026..protetti e valorizzati vede anche migliorare la vita di tutti.<br \/>\nIl nostro paesino e\u2019 benedetto dalla bellezza\u2026..noi siamo i veri padroni, l\u2019 augurio per il nuovo anno sara\u2019 quello di poterlo onorare rendendolo ancor pi\u00f9 vivibile\u2026\u2026\u2026Rosuccia, Rita, Salvo, Stefania\u2026..<\/p>\n<p style=\"text-align: justify;\"><em><strong>(Fareambiente Santa Croce)<\/strong><\/em><\/p>\n<p style=\"text-align: justify;\">&#8220;Il 2014 \u00e8 stato un anno molto difficile per la nostra comunit\u00e0 ma tutto questo purtroppo \u00e8 dovuto sia al fato che alla cattiveria e alla ipocrisia dell&#8217;uomo. Spesso dimentichiamo di essere creature di Dio ed \u00e8 per questo motivo che la nostra vita con il passar degli anni diventa sempre piu difficile&#8230;\u00a0I semplici problemi quotidiani si trasformano in grossi ostacoli insormontabili che\u00a0 impediscono la normale vita quotidiana.\u00a0Gli eventi di queste ultime settimane sia Nazionale che Paesano ci confermano il tutto.\u00a0Nella speranza che il 2015 sia migliore auguro a tutti i componenti del nostro giornale e a tutta la comunit\u00e0 di Santa Croce buon anno&#8221;.<\/p>\n<p style=\"text-align: justify;\"><em><strong>(Lino Scillieri)<\/strong><\/em><\/p>\n<\/div>\n","protected":false},"excerpt":{"rendered":"<p>Quello appena trascorso \u00e8 stato un anno importante per la nostra testata online. Un anno che ha permesso di consolidare il nostro ruolo all&#8217;interno della citt\u00e0 e di diventare un punto di riferimento per tutti i compaesani che si trovano all&#8217;estero. Un anno che ha fatto registrare accessi record (abbiamo toccato i 17.400 contatti in [&hellip;]<\/p>\n","protected":false},"author":34,"featured_media":11943,"comment_status":"open","ping_status":"open","sticky":false,"template":"","format":"standard","meta":{"footnotes":""},"categories":[1,11],"tags":[],"class_list":["post-23990","post","type-post","status-publish","format-standard","has-post-thumbnail","hentry","category-news","category-primopiano"],"_links":{"self":[{"href":"https:\/\/www.santacroceweb.com\/index.php\/wp-json\/wp\/v2\/posts\/23990","targetHints":{"allow":["GET"]}}],"collection":[{"href":"https:\/\/www.santacroceweb.com\/index.php\/wp-json\/wp\/v2\/posts"}],"about":[{"href":"https:\/\/www.santacroceweb.com\/index.php\/wp-json\/wp\/v2\/types\/post"}],"author":[{"embeddable":true,"href":"https:\/\/www.santacroceweb.com\/index.php\/wp-json\/wp\/v2\/users\/34"}],"replies":[{"embeddable":true,"href":"https:\/\/www.santacroceweb.com\/index.php\/wp-json\/wp\/v2\/comments?post=23990"}],"version-history":[{"count":0,"href":"https:\/\/www.santacroceweb.com\/index.php\/wp-json\/wp\/v2\/posts\/23990\/revisions"}],"wp:featuredmedia":[{"embeddable":true,"href":"https:\/\/www.santacroceweb.com\/index.php\/wp-json\/wp\/v2\/media\/11943"}],"wp:attachment":[{"href":"https:\/\/www.santacroceweb.com\/index.php\/wp-json\/wp\/v2\/media?parent=23990"}],"wp:term":[{"taxonomy":"category","embeddable":true,"href":"https:\/\/www.santacroceweb.com\/index.php\/wp-json\/wp\/v2\/categories?post=23990"},{"taxonomy":"post_tag","embeddable":true,"href":"https:\/\/www.santacroceweb.com\/index.php\/wp-json\/wp\/v2\/tags?post=23990"}],"curies":[{"name":"wp","href":"https:\/\/api.w.org\/{rel}","templated":true}]}}