{"id":24212,"date":"2015-01-02T09:00:54","date_gmt":"2015-01-02T08:00:54","guid":{"rendered":"http:\/\/www.santacroceweb.com\/giornale1\/?p=24212"},"modified":"2015-01-02T10:53:49","modified_gmt":"2015-01-02T09:53:49","slug":"i-fatti-che-ci-hanno-piu-o-meno-emozionato-nel-2014-parte-1-gennaiogiugno","status":"publish","type":"post","link":"https:\/\/www.santacroceweb.com\/index.php\/2015\/01\/02\/i-fatti-che-ci-hanno-piu-o-meno-emozionato-nel-2014-parte-1-gennaiogiugno\/","title":{"rendered":"I fatti che ci hanno pi\u00f9 o meno emozionato nel 2014. <font color=red>Parte 1: gennaio\/giugno<\/font>"},"content":{"rendered":"<p style=\"text-align: justify;\"><strong>GENNAIO<\/strong>: dal 16, ufficialmente ed operativamente, la dottoressa Rosalba Varcadipane non \u00e8 stata pi\u00f9 assessore\u00a0ai Servizi Sociali, allo Sport e agli Spettacoli,\u00a0della giunta Iurato. Una apposita conferenza stampa (un atto dovuto per ovvi motivi, ci invit\u00f2 a farcene una ragione) ha ufficializzato l\u2019addio dell\u2019assessore, rimasta in carica poco pi\u00f9 di un anno e mezzo. Ricordiamo per\u00f2 che, in quei mesi, ben due assessori avevano gi\u00e0 abbandonato il \u201ccampo\u201d: quasi subito ha lasciato Serafina Mazza, poi Rosario Pluchino. Da l\u00ec l&#8217;avvio di un estenuante\u00a0toto assessore in quota rosa. Il\u00a0tempo necessario alla nomina dell\u2019assessore in questione si \u00e8 trasformato, infatti, in un\u2019attesa prolungata e fuori dai toni di qualsiasi logica di partito politico, tra satira, pronostici e previsioni in tempo reale.<\/p>\n<p style=\"text-align: justify;\"><strong>FEBBRAIO<\/strong>: era giorno 12 quando\u00a0Silvia Ingallinesi fu (finalmente) nominata nuovo assessore al Comune di Santa Croce Camerina. L\u2019ufficialit\u00e0 arriv\u00f2 dal web, direttamente dal profilo Facebook del Comune. Le furono assegnate, lo ricordiamo per chi ancora non se ne fosse accorto, le deleghe a Servizi Sociali, Politiche Giovanili, Cultura, Sport, Turismo, Spettacolo, Pari opportunit\u00e0.<\/p>\n<p style=\"text-align: justify;\"><strong>MARZO<\/strong>:\u00a0era giorno 22 quando l&#8217;assessore All\u00f9 diede il\u00a0via alla campagna d\u2019informazione sulla raccolta differenziata a Santa Croce Camerina, dimenticando di accogliere la richiesta della cittadinanza di predisporre appositi contenitori per le &#8220;promesse scadute&#8221;.<\/p>\n<p style=\"text-align: justify;\"><strong>MAGGIO<\/strong>: il 23 si concludono\u00a0i\u00a0lavori di demolizione dell&#8217;ex caserma della Guardia di finanza,\u00a0sita in Via F.lli Bandiera\u00a0a Punta Secca. Nel profilo Facebook del Comune di Santa Croce Camerina si poteva leggere: \u201cA breve, l\u2019area interessata sar\u00e0 liberata dalle macerie e si provveder\u00e0 a metterla in sicurezza e a renderla inaccessibile, in attesa di potere realizzare un belvedere attrezzato a servizio della collettivit\u00e0\u201d (per la prossima estate non si discute pi\u00f9:avremo il &#8220;bello da vedere&#8221; ops il belvedere). A questa azione seguirono polemiche culturali, ambientaliste e non e azioni prettamente legali ancora in corso.\u00a0La Capitaneria di Porto e la Sovrintendenza, in particolare, avanzarono specifiche denunce, in questo ultimo caso per la tutela dei beni culturali.<\/p>\n<p style=\"text-align: justify;\">Il 29 maggio, poich\u00e9 l&#8217;effetto demolizione non era terminato, si prosegu\u00ec imperterriti: fu demolita, infatti, pure\u00a0la vasca in cemento sullo spiaggione di Punta Braccetto. L\u2019amministrazione comunale inizi\u00f2 i lavori di rimozione della centralina di sollevamento prima utilizzata per lo smaltimento dei reflui fognari, che a causa del consistente fenomeno dell\u2019erosione delle coste era emersa ed \u00e8 stata invasa dal mare, non risultando cos\u00ec pi\u00f9 interrata. Da un lato la questione della sicurezza, dall\u2019altro anche quella dell\u2019immagine di una spiaggia che sembrava deturpata dalla presenza di una struttura in cemento come quella. \u201cGi\u00e0 dal settembre scorso \u2013 dichiar\u00f2 l\u2019assessore comunale all\u2019Ambiente, Giansalvo All\u00f9 \u2013 avevamo preso impegno formale con i componenti del comitato di Punta Braccetto per rimuovere la centralina di sollevamento e trasferirla, subito dopo l\u2019estate, un po\u2019 pi\u00f9 a monte dove non intaccher\u00e0 l\u2019ambiente marino e sar\u00e0 pi\u00f9 funzionale. Dopo l\u2019obbrobrio eliminato a Punta Secca (mi riferisco all\u2019ex caserma della Finanza), un\u2019altra promessa \u00e8 stata mantenuta. Ritengo \u2013 concluse l\u2019assessore All\u00f9 \u2013 che questo sia un altro importante impegno preso dalla giunta Iurato che va verso la direzione di una valorizzazione della nostra costa nonch\u00e9 di promozione turistica del territorio&#8221;. L&#8217;assessore-demolitore non aggiunse che di obbrobri da demolire ce ne potessero essere altri, tra i quali, ci avete suggerito solerti, il depuratore di contrada Pescazze e\u00a0l\u2019ecomostro di Casuzze (ex serbatoio di via del Gargano).<\/p>\n<p style=\"text-align: justify;\"><strong>GIUGNO<\/strong>: nella Punta Secca del Commissario Montalbano &#8220;fu estate di polemiche&#8221; perch\u00e9 tornarono Ztl e isola pedonale. Dal 30 GIUGNO AL 10 SETTEMBRE: TUTTO CHIUSO!!! E&#8217; stata ribattezzata la telecamera del Grande Fratello quella che \u00e8 stata\u00a0collegata alla locale stazione dei vigili urbani per la modica cifra di 50mila euro. Il sindaco per\u00f2 rispondeva prontamente alle accuse: &#8220;Le polemiche sollevate da qualcuno ci sembrano pretestuose: l\u2019istituzione della ZTL e dell\u2019isola pedonale, con il posizionamento della telecamera, ha liberato i nostri Vigili Urbani da un servizio pressoch\u00e9 continuo nella frazione, potendoli dislocare in questo modo presso altri punti critici del territorio&#8221;.<\/p>\n","protected":false},"excerpt":{"rendered":"<p>GENNAIO: dal 16, ufficialmente ed operativamente, la dottoressa Rosalba Varcadipane non \u00e8 stata pi\u00f9 assessore\u00a0ai Servizi Sociali, allo Sport e agli Spettacoli,\u00a0della giunta Iurato. Una apposita conferenza stampa (un atto dovuto per ovvi motivi, ci invit\u00f2 a farcene una ragione) ha ufficializzato l\u2019addio dell\u2019assessore, rimasta in carica poco pi\u00f9 di un anno e mezzo. Ricordiamo [&hellip;]<\/p>\n","protected":false},"author":34,"featured_media":16066,"comment_status":"open","ping_status":"open","sticky":false,"template":"","format":"standard","meta":{"footnotes":""},"categories":[8],"tags":[],"class_list":["post-24212","post","type-post","status-publish","format-standard","has-post-thumbnail","hentry","category-attualita"],"_links":{"self":[{"href":"https:\/\/www.santacroceweb.com\/index.php\/wp-json\/wp\/v2\/posts\/24212","targetHints":{"allow":["GET"]}}],"collection":[{"href":"https:\/\/www.santacroceweb.com\/index.php\/wp-json\/wp\/v2\/posts"}],"about":[{"href":"https:\/\/www.santacroceweb.com\/index.php\/wp-json\/wp\/v2\/types\/post"}],"author":[{"embeddable":true,"href":"https:\/\/www.santacroceweb.com\/index.php\/wp-json\/wp\/v2\/users\/34"}],"replies":[{"embeddable":true,"href":"https:\/\/www.santacroceweb.com\/index.php\/wp-json\/wp\/v2\/comments?post=24212"}],"version-history":[{"count":0,"href":"https:\/\/www.santacroceweb.com\/index.php\/wp-json\/wp\/v2\/posts\/24212\/revisions"}],"wp:featuredmedia":[{"embeddable":true,"href":"https:\/\/www.santacroceweb.com\/index.php\/wp-json\/wp\/v2\/media\/16066"}],"wp:attachment":[{"href":"https:\/\/www.santacroceweb.com\/index.php\/wp-json\/wp\/v2\/media?parent=24212"}],"wp:term":[{"taxonomy":"category","embeddable":true,"href":"https:\/\/www.santacroceweb.com\/index.php\/wp-json\/wp\/v2\/categories?post=24212"},{"taxonomy":"post_tag","embeddable":true,"href":"https:\/\/www.santacroceweb.com\/index.php\/wp-json\/wp\/v2\/tags?post=24212"}],"curies":[{"name":"wp","href":"https:\/\/api.w.org\/{rel}","templated":true}]}}