{"id":24975,"date":"2015-01-20T10:06:00","date_gmt":"2015-01-20T09:06:00","guid":{"rendered":"http:\/\/www.santacroceweb.com\/giornale1\/?p=24975"},"modified":"2015-01-20T10:06:00","modified_gmt":"2015-01-20T09:06:00","slug":"il-carnevale-si-avvicina-preparativi-nel-vivo-festa-il-15-e-17-febbraio","status":"publish","type":"post","link":"https:\/\/www.santacroceweb.com\/index.php\/2015\/01\/20\/il-carnevale-si-avvicina-preparativi-nel-vivo-festa-il-15-e-17-febbraio\/","title":{"rendered":"Il Carnevale si avvicina, preparativi nel vivo: festa il 15 e 17 febbraio"},"content":{"rendered":"<p style=\"text-align: justify;\">A poco meno di un mese dal Carnevale 2015, il Gruppo \u201cWork&#8230; in progress\u201d sta lavorando a pieno regime. Per il terzo anno consecutivo, qui a Santa Croce, si respirer\u00e0 un\u2019atmosfera carnevalesca grazie all\u2019attivismo creativo di semplici cittadini che cercano di coinvolgere la collettivit\u00e0. &#8220;Protagonisti saranno i bambini &#8211; ha dichiarato Biagio Emmolo, segretario del gruppo &#8211; anche se tutta la cittadinanza \u00e8 invitata a partecipare perch\u00e9 il Carnevale \u00e8 aperto a tutti&#8221;. Ad oggi, il programma previsto di articola in due giornate: 15 e 17 febbraio. Domenica 15 febbraio sono previste sfilate di mascherine, gruppi e carri, il tutto accompagnato da animazione, mentre il marted\u00ec grasso, 17 febbraio, si replicher\u00e0 con le sfilate ed in pi\u00f9 sono previsti premi per i migliori. Anche lo stesso &#8220;Work&#8230; in progress&#8221; sta preparando un suo carro, per il momento top secret, per\u00f2 le iscrizioni sono aperte a quanti vorranno partecipare. Sul profilo Facebook <span style=\"text-decoration: underline;\">(<a href=\"https:\/\/www.facebook.com\/groups\/480147878777412\/?fref=ts\">Work in progress<\/a>)<\/span> del gruppo \u00e8 possibile scaricare il modulo di partecipazione ed avere tutti i chiarimenti necessari. Quindi attivatevi anche voi e partecipate numerosi per rendere questo Carnevale ancora pi\u00f9 ricco. L&#8217;evento sar\u00e0 patrocinato dal comune di Santa Croce Camerina.<\/p>\n","protected":false},"excerpt":{"rendered":"<p>A poco meno di un mese dal Carnevale 2015, il Gruppo \u201cWork&#8230; in progress\u201d sta lavorando a pieno regime. Per il terzo anno consecutivo, qui a Santa Croce, si respirer\u00e0 un\u2019atmosfera carnevalesca grazie all\u2019attivismo creativo di semplici cittadini che cercano di coinvolgere la collettivit\u00e0. &#8220;Protagonisti saranno i bambini &#8211; ha dichiarato Biagio Emmolo, segretario del [&hellip;]<\/p>\n","protected":false},"author":4,"featured_media":24976,"comment_status":"open","ping_status":"open","sticky":false,"template":"","format":"standard","meta":{"footnotes":""},"categories":[6],"tags":[],"class_list":["post-24975","post","type-post","status-publish","format-standard","has-post-thumbnail","hentry","category-culturaespettacolo"],"_links":{"self":[{"href":"https:\/\/www.santacroceweb.com\/index.php\/wp-json\/wp\/v2\/posts\/24975","targetHints":{"allow":["GET"]}}],"collection":[{"href":"https:\/\/www.santacroceweb.com\/index.php\/wp-json\/wp\/v2\/posts"}],"about":[{"href":"https:\/\/www.santacroceweb.com\/index.php\/wp-json\/wp\/v2\/types\/post"}],"author":[{"embeddable":true,"href":"https:\/\/www.santacroceweb.com\/index.php\/wp-json\/wp\/v2\/users\/4"}],"replies":[{"embeddable":true,"href":"https:\/\/www.santacroceweb.com\/index.php\/wp-json\/wp\/v2\/comments?post=24975"}],"version-history":[{"count":0,"href":"https:\/\/www.santacroceweb.com\/index.php\/wp-json\/wp\/v2\/posts\/24975\/revisions"}],"wp:featuredmedia":[{"embeddable":true,"href":"https:\/\/www.santacroceweb.com\/index.php\/wp-json\/wp\/v2\/media\/24976"}],"wp:attachment":[{"href":"https:\/\/www.santacroceweb.com\/index.php\/wp-json\/wp\/v2\/media?parent=24975"}],"wp:term":[{"taxonomy":"category","embeddable":true,"href":"https:\/\/www.santacroceweb.com\/index.php\/wp-json\/wp\/v2\/categories?post=24975"},{"taxonomy":"post_tag","embeddable":true,"href":"https:\/\/www.santacroceweb.com\/index.php\/wp-json\/wp\/v2\/tags?post=24975"}],"curies":[{"name":"wp","href":"https:\/\/api.w.org\/{rel}","templated":true}]}}