{"id":25116,"date":"2015-01-23T22:34:24","date_gmt":"2015-01-23T21:34:24","guid":{"rendered":"http:\/\/www.santacroceweb.com\/giornale1\/?p=25116"},"modified":"2015-01-23T22:34:24","modified_gmt":"2015-01-23T21:34:24","slug":"i-verbali-di-veronica-loris-lo-prendevano-in-giro-era-piu-nervoso","status":"publish","type":"post","link":"https:\/\/www.santacroceweb.com\/index.php\/2015\/01\/23\/i-verbali-di-veronica-loris-lo-prendevano-in-giro-era-piu-nervoso\/","title":{"rendered":"I verbali di Veronica: &#8220;Loris? Lo prendevano in giro, era pi\u00f9 nervoso&#8221;"},"content":{"rendered":"<p style=\"text-align: justify;\">&#8220;Loris non andava molto volentieri a scuola a causa di una compagna di classe che lo prendeva in giro. Quella mattina (di sabato 29 novembre, ndr) ha visto che mi truccavo, voleva venire con me al corso di cucina di Donnafugata, voleva accompagnarmi. Ma gli ho detto che non era possibile perch\u00e9 c&#8217;era scuola. Dopo un primo tentennamento si convinse, anche perch\u00e9 aveva informatica, una materia che gli piaceva tanto&#8221;. Chi parla \u00e8 Veronica Panarello. La trasmissione &#8220;Quarto Grado&#8221; ha svelato il contenuto di alcuni verbali trascritti dagli inquirenti dopo la morte di Loris Stival, durante i primi interrogatori della donna.<\/p>\n<p style=\"text-align: justify;\">Secondo la mamma, Loris\u00a0non era solito frequentare sconosciuti. Ma negli ultimi giorni aveva lasciato trasparire qualche segnale di nervosismo: &#8220;Loris\u00a0andava in palestra da tre settimane. Non aveva simpatia per un ragazzo pi\u00f9 grande di lui, per come lo guardava. Ma non so chi sia. Da circa una settimana era pi\u00f9 nervoso del solito, ma a questa situazione non avevo dato peso. Un giorno mi chiese cosa significava la parola gay, era apostrofato cos\u00ec da un suo compagno di scuola. Io gliel&#8217;ho spiegato&#8221;.\u00a0Poi, tornando alla fatidica mattina del 29 novembre, la Panarello fornisce alcuni dettagli sugli indumenti del bimbo: &#8220;Sono convinta\u00a0avesse indosso degli slip, e anche una cintura, sebbene non l&#8217;ho visto mentre la indossava. Poi un paio di jeans e una maglietta&#8221;.<\/p>\n<p style=\"text-align: justify;\">Sulla sua vicenda personale, invece, ammette di aver rimosso &#8220;tutti gli episodi negativa della vita&#8221;. Il suicidio? &#8220;Non ricordo di aver mai tentato il suicidio. Una sera venni richiusa nel reparto di psichiatria di Ragusa, ma scopr\u00ec che era tutto architettato da mai madre, voleva abbandonarci. Lo dissi a mio padre e lui cominci\u00f2 a inseguirmi per le serre, cos\u00ec fui io a chiamare i carabinieri&#8221;.<\/p>\n","protected":false},"excerpt":{"rendered":"<p>&#8220;Loris non andava molto volentieri a scuola a causa di una compagna di classe che lo prendeva in giro. Quella mattina (di sabato 29 novembre, ndr) ha visto che mi truccavo, voleva venire con me al corso di cucina di Donnafugata, voleva accompagnarmi. Ma gli ho detto che non era possibile perch\u00e9 c&#8217;era scuola. Dopo [&hellip;]<\/p>\n","protected":false},"author":34,"featured_media":23534,"comment_status":"open","ping_status":"open","sticky":false,"template":"","format":"standard","meta":{"footnotes":""},"categories":[7],"tags":[],"class_list":["post-25116","post","type-post","status-publish","format-standard","has-post-thumbnail","hentry","category-cronaca"],"_links":{"self":[{"href":"https:\/\/www.santacroceweb.com\/index.php\/wp-json\/wp\/v2\/posts\/25116","targetHints":{"allow":["GET"]}}],"collection":[{"href":"https:\/\/www.santacroceweb.com\/index.php\/wp-json\/wp\/v2\/posts"}],"about":[{"href":"https:\/\/www.santacroceweb.com\/index.php\/wp-json\/wp\/v2\/types\/post"}],"author":[{"embeddable":true,"href":"https:\/\/www.santacroceweb.com\/index.php\/wp-json\/wp\/v2\/users\/34"}],"replies":[{"embeddable":true,"href":"https:\/\/www.santacroceweb.com\/index.php\/wp-json\/wp\/v2\/comments?post=25116"}],"version-history":[{"count":0,"href":"https:\/\/www.santacroceweb.com\/index.php\/wp-json\/wp\/v2\/posts\/25116\/revisions"}],"wp:featuredmedia":[{"embeddable":true,"href":"https:\/\/www.santacroceweb.com\/index.php\/wp-json\/wp\/v2\/media\/23534"}],"wp:attachment":[{"href":"https:\/\/www.santacroceweb.com\/index.php\/wp-json\/wp\/v2\/media?parent=25116"}],"wp:term":[{"taxonomy":"category","embeddable":true,"href":"https:\/\/www.santacroceweb.com\/index.php\/wp-json\/wp\/v2\/categories?post=25116"},{"taxonomy":"post_tag","embeddable":true,"href":"https:\/\/www.santacroceweb.com\/index.php\/wp-json\/wp\/v2\/tags?post=25116"}],"curies":[{"name":"wp","href":"https:\/\/api.w.org\/{rel}","templated":true}]}}