{"id":2586,"date":"2013-03-06T07:51:21","date_gmt":"2013-03-06T06:51:21","guid":{"rendered":"http:\/\/www.santacroceweb.com\/giornale1\/?p=2586"},"modified":"2013-03-06T00:59:34","modified_gmt":"2013-03-05T23:59:34","slug":"ce-la-delibera-addio-alla-casa-famiglia-don-gnocchi-mandara-amministrazione-indegna-vada-a-casa","status":"publish","type":"post","link":"https:\/\/www.santacroceweb.com\/index.php\/2013\/03\/06\/ce-la-delibera-addio-alla-casa-famiglia-don-gnocchi-mandara-amministrazione-indegna-vada-a-casa\/","title":{"rendered":"C&#8217;\u00e8 la delibera, addio alla casa-famiglia &#8216;Don Gnocchi&#8217;. Mandar\u00e0: &#8220;Amministrazione indegna&#8221;"},"content":{"rendered":"<p style=\"text-align: justify;\">La delibera di G.M. n\u00b030 del 14-02-2013 non lascia adito a dubbi. L\u2019Amministrazione di Santa Croce Camerina ha deciso di destinare la casa-famiglia Don Gnocchi a sede di uffici, sovvertendo la destinazione d\u2019uso per cui era sorta. Secondo la delibera in oggetto \u00e8 prevista una somma pari a 10mila euro per lavori di straordinaria amministrazione, nonch\u00e9 per l\u2019adeguamento dei locali con quanto \u00e8 necessario a renderli idonei all\u2019uso prescelto. Tale decisione, secondo il sindaco Franca Iurato, si \u00e8 resa necessaria per contenere le &#8220;spese di affitto dei vari uffici attualmente dislocati in immobili privati&#8221;. &#8220;Se le finalit\u00e0, dettate dall&#8217;idea di far risparmiare la collettivit\u00e0, potrebbero apparire nobili &#8211; spiega Piero Mandar\u00e0, segretario del movimento &#8216;Tutti x Santa Croce&#8217; &#8211; a ben vedere questo virtuosismo non dovrebbe incidere su una categoria di soggetti \u201csvantaggiati\u201d e sulle rispettive famiglie&#8221;. Da mesi Mandar\u00e0 insiste sulla questione \u2018Don Gnocchi\u2019 e preme affinch\u00e9 si comprenda quanto a livello sociale una casa-famiglia sia un baluardo di civilt\u00e0 per la nostra cittadina, la quale non pu\u00f2\u00a0 e non deve rimanere indifferente nei confronti dei pi\u00f9 bisognosi: \u201cIl sindaco vuole privare la comunit\u00e0 dell&#8217;unica struttura adibita a scopi sociali. E&#8217; impensabile che per risparmiare sui costi dell&#8217;affitto di alcuni locali, sia inibita la possibilit\u00e0 di un utilizzo della casa-famiglia. Il risparmio dei costi della P.A. deve essere attuato riducendo il numero delle Macrostrutture dipartimentali (da 5 a 3 nel caso di Santa Croce), come hanno fatto la provincia Regionale, il comune di Ragusa, il comune di Modica ed altri comuni; riducendo il numero e l&#8217;indennit\u00e0 dei dirigenti; eliminando le posizioni organizzative ormai inutili; razionalizzando l&#8217;utilizzo delle risorse umane e dei beni di servizio; eliminando il pagamento delle incentivazioni \u2018a pioggia\u2019 del personale&#8221;. Dopo i ripetuti appelli che l&#8217;ex assessore comunale e provinciale ha espressamente rivolto al sindaco per trovare una soluzione che non privi del tutto Santa Croce di uno strumento socio-integrativo cos\u00ec importante, e considerando che anche l\u2019ANFFAS ha cessato di esistere da tempo senza alcuna possibilit\u00e0 di un\u2019imminente riapertura, la situazione induce a nuovi tipi d&#8217;intervento: &#8220;Il cambio di destinazione della casa-famiglia \u00e8 una vergogna che ci porteremo negli anni e che penalizzer\u00e0, ancora una volta, Santa Croce. Se sar\u00e0 necessario &#8211; spiega Mandar\u00e0 &#8211; mi rivolger\u00f2 pure al governatore Crocetta per sensibilizzarlo su ci\u00f2 che sta accadendo. Spero che una grande ondata di indignazione, dentro e fuori la nostra citt\u00e0, si levi contro un\u2019operazione sbagliata, degna della peggiore politica. Questa \u00e8 una Amministrazione che mette in campo parole di sinistra e tab\u00f9 di destra, il peggio della vecchia politica. Sui temi sociali, per esempio, \u00e8 completamente assente e asettica. Non hanno capito che senza sviluppo sociale non ci potr\u00e0 essere alcuna crescita culturale. Il paese boccheggia e c&#8217;\u00e8 bisogno di un&#8217;Amministrazione capace per risolvere finalmente i problemi, senza giochetti e senza lamentele stucchevoli. Se non \u00e8 cos\u00ec \u00e8 meglio che vadano tutti a casa\u201d. Il dibattito si riapre anche se l&#8217;Amministrazione di governo, al momento, non ha mai tenuto conto di pareri esterni alla sala dei bottoni: &#8220;Per l&#8217;emanazione della delibera in oggetto, che di fatto sancisce la cancellazione della casa-famiglia Don Gnocchi, il sindaco e la giunta non hanno chiesto un parere al Consiglio Comunale e non hanno ascoltato le altre voci della citt\u00e0. Questi signori emanano editti senza tener conto di nulla. Siamo costretti a ricordare al sindaco Iurato che \u00e8 stata eletta con il 25% dei voti, cio\u00e8 con una maggioranza che non pu\u00f2 essere definita tale. E che il suo partito, alle ultime elezioni Politiche, ha visto un crollo verticale dei consensi. Forse sarebbe necessario ricorrere ad una pillola di saggezza e cominciare a percepire e sentire l&#8217;opinione della gente e dialogare anche con le altre forze politiche e civiche che rappresentano di gran lunga la maggioranza della citt\u00e0. E poi, lo ripetiamo per l&#8217;ennesima volta, mettere in atto l&#8217;ingegno e la progettualit\u00e0: altrimenti Santa Croce \u00e8 destinata a morire&#8221;.<\/p>\n<p style=\"text-align: right;\"><strong>Piero Mandar\u00e0<\/strong><br \/>\n<strong>Segretario politico &#8216;Tutti x Santa Croce&#8217;<\/strong><\/p>\n<p style=\"text-align: center;\"><a href=\"https:\/\/www.santacroceweb.com\/giornale1\/wp-content\/uploads\/2013\/03\/581728_578718178807570_930034724_n1.jpg\"><img fetchpriority=\"high\" decoding=\"async\" class=\"aligncenter size-medium wp-image-2588 lazyload\" title=\"581728_578718178807570_930034724_n[1]\" src=\"data:image\/gif;base64,R0lGODlhAQABAAAAACH5BAEKAAEALAAAAAABAAEAAAICTAEAOw==\" data-src=\"https:\/\/www.santacroceweb.com\/giornale1\/wp-content\/uploads\/2013\/03\/581728_578718178807570_930034724_n1-225x300.jpg\" alt=\"\" width=\"225\" height=\"300\" data-sizes=\"auto\" data-srcset=\"https:\/\/www.santacroceweb.com\/giornale1\/wp-content\/uploads\/2013\/03\/581728_578718178807570_930034724_n1-225x300.jpg 225w, https:\/\/www.santacroceweb.com\/giornale1\/wp-content\/uploads\/2013\/03\/581728_578718178807570_930034724_n1.jpg 720w\" sizes=\"(max-width: 225px) 100vw, 225px\" \/><\/a><a href=\"https:\/\/www.santacroceweb.com\/giornale1\/wp-content\/uploads\/2013\/03\/155966_521443437868378_308003052_n1.jpg\"><img decoding=\"async\" class=\"aligncenter size-medium wp-image-2589 lazyload\" title=\"155966_521443437868378_308003052_n[1]\" src=\"data:image\/gif;base64,R0lGODlhAQABAAAAACH5BAEKAAEALAAAAAABAAEAAAICTAEAOw==\" data-src=\"https:\/\/www.santacroceweb.com\/giornale1\/wp-content\/uploads\/2013\/03\/155966_521443437868378_308003052_n1-300x225.jpg\" alt=\"\" width=\"300\" height=\"225\" data-sizes=\"auto\" data-srcset=\"https:\/\/www.santacroceweb.com\/giornale1\/wp-content\/uploads\/2013\/03\/155966_521443437868378_308003052_n1-300x225.jpg 300w, https:\/\/www.santacroceweb.com\/giornale1\/wp-content\/uploads\/2013\/03\/155966_521443437868378_308003052_n1-768x576.jpg 768w, https:\/\/www.santacroceweb.com\/giornale1\/wp-content\/uploads\/2013\/03\/155966_521443437868378_308003052_n1-86x64.jpg 86w, https:\/\/www.santacroceweb.com\/giornale1\/wp-content\/uploads\/2013\/03\/155966_521443437868378_308003052_n1.jpg 960w\" sizes=\"(max-width: 300px) 100vw, 300px\" \/><\/a><\/p>\n","protected":false},"excerpt":{"rendered":"<p>La delibera di G.M. n\u00b030 del 14-02-2013 non lascia adito a dubbi. L\u2019Amministrazione di Santa Croce Camerina ha deciso di destinare la casa-famiglia Don Gnocchi a sede di uffici, sovvertendo la destinazione d\u2019uso per cui era sorta. Secondo la delibera in oggetto \u00e8 prevista una somma pari a 10mila euro per lavori di straordinaria amministrazione, [&hellip;]<\/p>\n","protected":false},"author":34,"featured_media":2587,"comment_status":"open","ping_status":"open","sticky":false,"template":"","format":"standard","meta":{"footnotes":""},"categories":[7,4,11],"tags":[],"class_list":["post-2586","post","type-post","status-publish","format-standard","has-post-thumbnail","hentry","category-cronaca","category-politica","category-primopiano"],"_links":{"self":[{"href":"https:\/\/www.santacroceweb.com\/index.php\/wp-json\/wp\/v2\/posts\/2586","targetHints":{"allow":["GET"]}}],"collection":[{"href":"https:\/\/www.santacroceweb.com\/index.php\/wp-json\/wp\/v2\/posts"}],"about":[{"href":"https:\/\/www.santacroceweb.com\/index.php\/wp-json\/wp\/v2\/types\/post"}],"author":[{"embeddable":true,"href":"https:\/\/www.santacroceweb.com\/index.php\/wp-json\/wp\/v2\/users\/34"}],"replies":[{"embeddable":true,"href":"https:\/\/www.santacroceweb.com\/index.php\/wp-json\/wp\/v2\/comments?post=2586"}],"version-history":[{"count":0,"href":"https:\/\/www.santacroceweb.com\/index.php\/wp-json\/wp\/v2\/posts\/2586\/revisions"}],"wp:featuredmedia":[{"embeddable":true,"href":"https:\/\/www.santacroceweb.com\/index.php\/wp-json\/wp\/v2\/media\/2587"}],"wp:attachment":[{"href":"https:\/\/www.santacroceweb.com\/index.php\/wp-json\/wp\/v2\/media?parent=2586"}],"wp:term":[{"taxonomy":"category","embeddable":true,"href":"https:\/\/www.santacroceweb.com\/index.php\/wp-json\/wp\/v2\/categories?post=2586"},{"taxonomy":"post_tag","embeddable":true,"href":"https:\/\/www.santacroceweb.com\/index.php\/wp-json\/wp\/v2\/tags?post=2586"}],"curies":[{"name":"wp","href":"https:\/\/api.w.org\/{rel}","templated":true}]}}