{"id":2716,"date":"2013-03-10T11:11:51","date_gmt":"2013-03-10T10:11:51","guid":{"rendered":"http:\/\/www.santacroceweb.com\/giornale1\/?p=2716"},"modified":"2013-03-11T19:42:24","modified_gmt":"2013-03-11T18:42:24","slug":"la-discesa-del-santo-apre-i-festeggiamenti-di-san-giuseppe-sara-una-settimana-ricca-di-eventi","status":"publish","type":"post","link":"https:\/\/www.santacroceweb.com\/index.php\/2013\/03\/10\/la-discesa-del-santo-apre-i-festeggiamenti-di-san-giuseppe-sara-una-settimana-ricca-di-eventi\/","title":{"rendered":"La discesa del Santo <font color=red>(VIDEO)<\/font color> apre i festeggiamenti di San Giuseppe: sar\u00e0 una settimana ricca di eventi"},"content":{"rendered":"<p style=\"text-align: justify;\">Con la discesa di San Giuseppe dalla nicchia che lo ospita, si apre ufficialmente la settimana di festeggiamenti legati al Patrono di Santa Croce Camerina. In una Chiesa stracolma di fedeli, che dopo la Messa aspettano con ansia questo momento solenne, ogni anno si rinnovano gli stessi gesti, le stesse emozioni e quando finalmente la statua viene posizionata nella navata laterale, vicino all\u2019altare, la gioia incontenibile dei presenti \u00e8 un misto di applausi e occhi lucidi. I fuochi d\u2019artificio suggellano l\u2019evento. Nei giorni a venire tanti sono gli avvenimenti ad esso collegati. Innanzitutto la preparazione delle tradizionali \u2018Cene\u2019 che troveranno la loro massima espressione il mezzogiorno della domenica di festa, quando si proceder\u00e0 alla benedizione di ognuna di esse. Non mancheranno le azioni solidali volte a stimolare la generosit\u00e0 di quanti vorranno aiutare il prossimo. In tal senso, l\u2019amministrazione comunale, in collaborazione con la Parrocchia San Giovanni Battista, ha previsto una colletta alimentare. Presso i principali supermercati cittadini, Di Meglio, Ard e Conad, vi saranno dei volontari che dalle 9 alle 18 distribuiranno volantini per illustrare l\u2019iniziativa ed accogliere quei prodotti alimentari che il buon cuore di ognuno decider\u00e0 di donare. \u201cCi \u00e8 sembrato il modo pi\u00f9 corretto \u2013 ha affermato il sindaco Franca Iurato \u00a0\u2013 di celebrare il nostro Patrono. Soltanto nel mese di gennaio 2013 l\u2019erogazione, da parte dei nostri uffici, a chi ha inoltrato richieste di sussistenza \u00e8 cresciuta esponenzialmente, tanto che le somme sono state complessivamente pari a quelle che lo scorso anno avevamo erogato in quattro mesi. In un mese soltanto abbiamo gi\u00e0 erogato un terzo dell\u2019ammontare del 2012. La situazione economica, a causa della crisi che non d\u00e0 scampo, \u00e8 davvero disperata. Ecco perch\u00e9, valorizzando un\u2019idea dell\u2019assessore ai Servizi sociali, Rosalba Varcadipane, abbiamo ritenuto opportuno fornire il nostro contributo\u201d. Il 16 e 17 marzo verranno allestiti anche degli stand di varia valenza. Fra questi, quello solidale dell\u2019associazione \u2018Sentieri Nuovi\u2019 che da tempo \u00e8 impegnata in progetti umanitari in Brasile e Bolivia a supporto dell\u2019attivit\u00e0 delle Suore Orsoline, il tutto con la collaborazione dell\u2019Unitre di Santa Croce. Gli stand ospiteranno anche alcuni operatori del settore artigianato ed agricolo. La CIA, la Coldiretti ed il Gruppo Agricoltori hanno previsto l\u2019esposizione di prodotti ortofloricoli tipici del nostro territorio che saranno venduti in appositi sacchetti a scopo benefico. Infatti, con una cifra simbolica si contribuir\u00e0 all\u2019acquisto di un defibrillatore che sar\u00e0 collocato presso la Guardia medica e messo a disposizione della collettivit\u00e0 in caso di emergenze. A coadiuvare nell\u2019allestimento delle strutture saranno Tiziana Tartaglia e Biagio Emmolo. Ma molto altro ancora \u00e8 previsto: dall\u2019esposizione delle moto a cura dell\u2019associazione \u201cSanta Croce In Moto\u201d, alle degustazioni, agli spettacoli in Piazza, fra cui, sabato 16 marzo, l\u2019esibizione di Sara Grimaldi, corista di Zucchero Fornaciari. Una festa che vede coinvolta l\u2019intera cittadinanza ed a cui invitiamo tutti a partecipare.<\/p>\n<p style=\"text-align: right;\"><strong>Antonella Galuppi<\/strong><\/p>\n<p style=\"text-align: center;\"><span style=\"text-decoration: underline; color: #ff0000;\"><strong>GUARDA IL VIDEO SOTTO\u00a0<\/strong><\/span><\/p>\n<p style=\"text-align: center;\">[youtube]OIcm-qAnh-Y[\/youtube]\n<p style=\"text-align: center;\"><a href=\"https:\/\/www.santacroceweb.com\/giornale1\/wp-content\/uploads\/2013\/03\/Il-sindaco-riceve-un-dono-per-la-colletta-da-una-consumatrice1.jpg\"><img fetchpriority=\"high\" decoding=\"async\" class=\"aligncenter size-medium wp-image-2736 lazyload\" title=\"Il-sindaco-riceve-un-dono-per-la-colletta-da-una-consumatrice[1]\" src=\"data:image\/gif;base64,R0lGODlhAQABAAAAACH5BAEKAAEALAAAAAABAAEAAAICTAEAOw==\" data-src=\"https:\/\/www.santacroceweb.com\/giornale1\/wp-content\/uploads\/2013\/03\/Il-sindaco-riceve-un-dono-per-la-colletta-da-una-consumatrice1-300x225.jpg\" alt=\"\" width=\"300\" height=\"225\" data-sizes=\"auto\" data-srcset=\"https:\/\/www.santacroceweb.com\/giornale1\/wp-content\/uploads\/2013\/03\/Il-sindaco-riceve-un-dono-per-la-colletta-da-una-consumatrice1-300x225.jpg 300w, https:\/\/www.santacroceweb.com\/giornale1\/wp-content\/uploads\/2013\/03\/Il-sindaco-riceve-un-dono-per-la-colletta-da-una-consumatrice1-768x576.jpg 768w, https:\/\/www.santacroceweb.com\/giornale1\/wp-content\/uploads\/2013\/03\/Il-sindaco-riceve-un-dono-per-la-colletta-da-una-consumatrice1-1024x768.jpg 1024w, https:\/\/www.santacroceweb.com\/giornale1\/wp-content\/uploads\/2013\/03\/Il-sindaco-riceve-un-dono-per-la-colletta-da-una-consumatrice1-86x64.jpg 86w, https:\/\/www.santacroceweb.com\/giornale1\/wp-content\/uploads\/2013\/03\/Il-sindaco-riceve-un-dono-per-la-colletta-da-una-consumatrice1.jpg 1632w\" sizes=\"(max-width: 300px) 100vw, 300px\" \/><\/a><\/p>\n<p style=\"text-align: center;\"><a href=\"https:\/\/www.santacroceweb.com\/giornale1\/wp-content\/uploads\/2013\/03\/75037_582829368396451_603580612_n1.jpg\"><img decoding=\"async\" class=\"aligncenter size-medium wp-image-2773 lazyload\" title=\"75037_582829368396451_603580612_n[1]\" src=\"data:image\/gif;base64,R0lGODlhAQABAAAAACH5BAEKAAEALAAAAAABAAEAAAICTAEAOw==\" data-src=\"https:\/\/www.santacroceweb.com\/giornale1\/wp-content\/uploads\/2013\/03\/75037_582829368396451_603580612_n1-300x219.jpg\" alt=\"\" width=\"300\" height=\"219\" data-sizes=\"auto\" data-srcset=\"https:\/\/www.santacroceweb.com\/giornale1\/wp-content\/uploads\/2013\/03\/75037_582829368396451_603580612_n1-300x219.jpg 300w, https:\/\/www.santacroceweb.com\/giornale1\/wp-content\/uploads\/2013\/03\/75037_582829368396451_603580612_n1-768x561.jpg 768w, https:\/\/www.santacroceweb.com\/giornale1\/wp-content\/uploads\/2013\/03\/75037_582829368396451_603580612_n1-86x64.jpg 86w, https:\/\/www.santacroceweb.com\/giornale1\/wp-content\/uploads\/2013\/03\/75037_582829368396451_603580612_n1.jpg 802w\" sizes=\"(max-width: 300px) 100vw, 300px\" \/><\/a><\/p>\n","protected":false},"excerpt":{"rendered":"<p>Con la discesa di San Giuseppe dalla nicchia che lo ospita, si apre ufficialmente la settimana di festeggiamenti legati al Patrono di Santa Croce Camerina. In una Chiesa stracolma di fedeli, che dopo la Messa aspettano con ansia questo momento solenne, ogni anno si rinnovano gli stessi gesti, le stesse emozioni e quando finalmente la [&hellip;]<\/p>\n","protected":false},"author":4,"featured_media":2720,"comment_status":"open","ping_status":"open","sticky":false,"template":"","format":"standard","meta":{"footnotes":""},"categories":[8,1,11],"tags":[],"class_list":["post-2716","post","type-post","status-publish","format-standard","has-post-thumbnail","hentry","category-attualita","category-news","category-primopiano"],"_links":{"self":[{"href":"https:\/\/www.santacroceweb.com\/index.php\/wp-json\/wp\/v2\/posts\/2716","targetHints":{"allow":["GET"]}}],"collection":[{"href":"https:\/\/www.santacroceweb.com\/index.php\/wp-json\/wp\/v2\/posts"}],"about":[{"href":"https:\/\/www.santacroceweb.com\/index.php\/wp-json\/wp\/v2\/types\/post"}],"author":[{"embeddable":true,"href":"https:\/\/www.santacroceweb.com\/index.php\/wp-json\/wp\/v2\/users\/4"}],"replies":[{"embeddable":true,"href":"https:\/\/www.santacroceweb.com\/index.php\/wp-json\/wp\/v2\/comments?post=2716"}],"version-history":[{"count":0,"href":"https:\/\/www.santacroceweb.com\/index.php\/wp-json\/wp\/v2\/posts\/2716\/revisions"}],"wp:featuredmedia":[{"embeddable":true,"href":"https:\/\/www.santacroceweb.com\/index.php\/wp-json\/wp\/v2\/media\/2720"}],"wp:attachment":[{"href":"https:\/\/www.santacroceweb.com\/index.php\/wp-json\/wp\/v2\/media?parent=2716"}],"wp:term":[{"taxonomy":"category","embeddable":true,"href":"https:\/\/www.santacroceweb.com\/index.php\/wp-json\/wp\/v2\/categories?post=2716"},{"taxonomy":"post_tag","embeddable":true,"href":"https:\/\/www.santacroceweb.com\/index.php\/wp-json\/wp\/v2\/tags?post=2716"}],"curies":[{"name":"wp","href":"https:\/\/api.w.org\/{rel}","templated":true}]}}