{"id":28023,"date":"2015-04-27T17:14:18","date_gmt":"2015-04-27T15:14:18","guid":{"rendered":"http:\/\/www.santacroceweb.com\/giornale1\/?p=28023"},"modified":"2015-04-27T17:14:18","modified_gmt":"2015-04-27T15:14:18","slug":"s-croce-maggio-e-il-mese-della-madonna-itinerante-tutte-le-tappe","status":"publish","type":"post","link":"https:\/\/www.santacroceweb.com\/index.php\/2015\/04\/27\/s-croce-maggio-e-il-mese-della-madonna-itinerante-tutte-le-tappe\/","title":{"rendered":"S.Croce, maggio \u00e8 il mese della Madonna itinerante: tutte le tappe"},"content":{"rendered":"<p style=\"text-align: justify;\">Anche quest&#8217;anno nel mese di maggio, che tradizionalmente la Chiesa dedica alla Vergine santissima, la comunit\u00e0 parrocchiale San Giovanni Battista si stringer\u00e0 ad omaggiare la statuetta della Madonna pellegrina, con adorazione personale e cenacoli di preghiera curati dai diversi gruppi parrocchiali, nella case delle famiglie che hanno voluto ospitarla. Il 1\u00b0 maggio, in serata, la Madonna effettuer\u00e0 la prima visita in una famiglia e lo stesso rituale si ripeter\u00e0 ogni sera, sino a venerd\u00ec 29. Sabato 30 invece si potr\u00e0 sostare davanti alla statuetta della Madonna, nella Chiesa Madre, dove rester\u00e0 tutto il giorno. Ma \u00e8 il venerd\u00ec quello pi\u00f9 caratterizzante e sentito, difatti nei giorni 8-15-22-29 la celebrazione eucaristica della sera verr\u00e0 celebrata nelle strade del paese, rispettivamente in via L. Da Vinci, via Solferino, via E. Fermi e via San Francesco, alle ore 19:30.<\/p>\n<p style=\"text-align: justify;\">Venerd\u00ec 15, inoltre \u00e8 previsto un momento di &#8220;lectio divina&#8221; per la meditazione della parola di Dio, che inizier\u00e0 dopo la messa. Verranno visitate dalla Madonna non solo le vie del centro, ma anche alcune periferiche e le contrade limitrofe del territorio. Il mese di maggio vuole essere dunque un periodo in cui guardare come modello e guida delle famiglie la nostra Madre celeste, un momento per stare insieme spiritualmente tra familiari e amici, dove la Madonna porter\u00e0 la benedizione nei vari quartieri del paese. Potrete comunque aggiornarvi visitando la <span style=\"text-decoration: underline;\"><a href=\"https:\/\/www.facebook.com\/parrocchia.sangiovannibattista.37?fref=ts\">pagina Facebook della parrocchia<\/a><\/span>. Intanto qui di seguito riportiamo le strade dove la statuetta verr\u00e0 portata ogni sera alle 20:30 a partire dal 1\u00b0 maggio:<\/p>\n<p style=\"text-align: justify;\">Venerd\u00ec 01: zona c\/ da Marchesa<br \/>\nSabato 02: via Pirandello 16<br \/>\nDomenica 03: via Puccini 6<br \/>\nLuned\u00ec 04: via Cannizzaro 15<br \/>\nMarted\u00ec 05: via Roma 123<br \/>\nMercoled\u00ec 06: circonvallazione C. degli Archi 361<br \/>\nGioved\u00ec 07: via Psaumide 2\/b &#8211; palazzine Venere<br \/>\nVenerd\u00ec 08: via dott. Rosa 39<br \/>\nSabato 09: via Moravia 3<br \/>\nDomenica 10: via Scaramia 35<br \/>\nLuned\u00ec 11: via Fleming 65<br \/>\nMarted\u00ec 12: via Tazzoli 28<br \/>\nMercoled\u00ec 13: via Tazzoli 32\/a<br \/>\nGioved\u00ec 14: via Giardino 30<br \/>\nVenerd\u00ec 15: via Diana 48<br \/>\nSabato 16: via Fermi 46<br \/>\nDomenica 17: zona c\/da San Giovanni<br \/>\nLuned\u00ec 18: via Cristoferis 4<br \/>\nMarted\u00ec 19: via D&#8217;acquisto 19<br \/>\nMercoled\u00ec 20: via f.lli Rosselli 59<br \/>\nGioved\u00ec 21: zona Ard &#8211; &#8220;Pezza&#8221; 330<br \/>\nVenerd\u00ec 22: via Beccaria 29<br \/>\nSabato 23: via Carmine 44<br \/>\nDomenica 24: via Rapisardi 52<br \/>\nLuned\u00ec 25: via duca d&#8217;Aosta 3<br \/>\nMarted\u00ec 26: via Tommaso 4<br \/>\nMercoled\u00ec 27 via Tasso 10<br \/>\nGioved\u00ec 28: zona c\/da Comuni<br \/>\nVenerd\u00ec 29: via San Francesco 39<br \/>\nSabato 30: Chiesa Madre parrocchiale.<\/p>\n","protected":false},"excerpt":{"rendered":"<p>Anche quest&#8217;anno nel mese di maggio, che tradizionalmente la Chiesa dedica alla Vergine santissima, la comunit\u00e0 parrocchiale San Giovanni Battista si stringer\u00e0 ad omaggiare la statuetta della Madonna pellegrina, con adorazione personale e cenacoli di preghiera curati dai diversi gruppi parrocchiali, nella case delle famiglie che hanno voluto ospitarla. Il 1\u00b0 maggio, in serata, la [&hellip;]<\/p>\n","protected":false},"author":27,"featured_media":28024,"comment_status":"open","ping_status":"open","sticky":false,"template":"","format":"standard","meta":{"footnotes":""},"categories":[8],"tags":[],"class_list":["post-28023","post","type-post","status-publish","format-standard","has-post-thumbnail","hentry","category-attualita"],"_links":{"self":[{"href":"https:\/\/www.santacroceweb.com\/index.php\/wp-json\/wp\/v2\/posts\/28023","targetHints":{"allow":["GET"]}}],"collection":[{"href":"https:\/\/www.santacroceweb.com\/index.php\/wp-json\/wp\/v2\/posts"}],"about":[{"href":"https:\/\/www.santacroceweb.com\/index.php\/wp-json\/wp\/v2\/types\/post"}],"author":[{"embeddable":true,"href":"https:\/\/www.santacroceweb.com\/index.php\/wp-json\/wp\/v2\/users\/27"}],"replies":[{"embeddable":true,"href":"https:\/\/www.santacroceweb.com\/index.php\/wp-json\/wp\/v2\/comments?post=28023"}],"version-history":[{"count":0,"href":"https:\/\/www.santacroceweb.com\/index.php\/wp-json\/wp\/v2\/posts\/28023\/revisions"}],"wp:featuredmedia":[{"embeddable":true,"href":"https:\/\/www.santacroceweb.com\/index.php\/wp-json\/wp\/v2\/media\/28024"}],"wp:attachment":[{"href":"https:\/\/www.santacroceweb.com\/index.php\/wp-json\/wp\/v2\/media?parent=28023"}],"wp:term":[{"taxonomy":"category","embeddable":true,"href":"https:\/\/www.santacroceweb.com\/index.php\/wp-json\/wp\/v2\/categories?post=28023"},{"taxonomy":"post_tag","embeddable":true,"href":"https:\/\/www.santacroceweb.com\/index.php\/wp-json\/wp\/v2\/tags?post=28023"}],"curies":[{"name":"wp","href":"https:\/\/api.w.org\/{rel}","templated":true}]}}