{"id":28337,"date":"2015-05-15T16:13:31","date_gmt":"2015-05-15T14:13:31","guid":{"rendered":"http:\/\/www.santacroceweb.com\/giornale1\/?p=28337"},"modified":"2015-05-15T16:13:31","modified_gmt":"2015-05-15T14:13:31","slug":"siracusa-presentate-la-tragedie-greche-in-sala-le-foto-di-silvio-rizzo","status":"publish","type":"post","link":"https:\/\/www.santacroceweb.com\/index.php\/2015\/05\/15\/siracusa-presentate-la-tragedie-greche-in-sala-le-foto-di-silvio-rizzo\/","title":{"rendered":"Siracusa, presentate la Tragedie Greche: in sala le foto di Silvio Rizzo"},"content":{"rendered":"<p style=\"text-align: justify;\">L\u2019atteso appuntamento con le Tragedie Greche, presso il magnifico Teatro Greco di Siracusa, si terr\u00e0 da oggi, 15 maggio, al 28 giugno 2015. La fondazione INDA di Siracusa (Istituto Nazionale Dramma Antico) dar\u00e0 vita al cinquantunesimo ciclo di spettacoli classici con la Trilogia del Mare e porter\u00e0 in scena \u201cMedea\u201d di Seneca, \u201cLe Supplici\u201d di Eschilo ed \u201cIfigenia in Aulide\u201d di Euripide.\u00a0\u201cCon gli spettacoli di quest\u2019anno \u2013 ha dichiarato il presidente Garozzo \u2013 affronteremo ancora una volta temi di grande attualit\u00e0 come quello dell\u2019accoglienza che ha colpito in maniera particolare la Sicilia e Siracusa. Abbiamo scelto tre registi di grande spessore: Moni Ovadia per &#8220;Le Supplici&#8221; di Eschilo, Federico Tiezzi per &#8220;Ifigenia in Aulide&#8221; di Euripide e Paolo Magelli per &#8220;Medea&#8221; di Seneca, conosciuti e apprezzati\u00a0anche a livello internazionale, proprio perch\u00e9 vogliamo puntare in maniera forte sulla qualit\u00e0 dei nostri spettacoli, com\u2019\u00e8 nella tradizione dell\u2019Istituto. Ringrazio il ministro Franceschini sia per la sua presenza alla conferenza di presentazione della stagione sia per l\u2019interesse che fin dal primo momento ha dimostrato per l\u2019Istituto che mi onoro di presiedere. La Fondazione Inda \u00e8 un patrimonio non solo di Siracusa ma di tutto il Paese, vogliamo\u00a0che il ciclo di rappresentazioni classiche diventi una festa di tutta la citt\u00e0\u201d. Silvio Rizzo, santacrocese, fotografo di eccezione, era presente alla conferenza di presentazione e ci ha incuriosito molto la sua partecipazione all&#8217;evento, perci\u00f2 lo abbiamo raggiunto al telefono: &#8220;Una cosa che mi ha emozionato ed onorato molto \u00e8 stato che la conferenza stessa \u00e8 iniziata con le parole di Giancarlo Garozzo, presidente Fondazione Inda, per ringraziare me per aver concesso e messo a disposizione le foto che vedete in allegato che hanno fatto come da cornice alla sala conferenze di Palazzo Greco, sede dell&#8217;Inda, dove si \u00e8 svolto l&#8217;incontro. Queste foto fanno parte di una reportage fotografico e documentano un clamoroso maxisbarco che avvenne a Cammarana nel settembre 2008. Sono state oggetto di una mostra dal titolo &#8220;Cronaca di uno sbarco&#8221;, a cura della Provincia regionale di Ragusa, assessorato alle Politiche sociali, e del Comune di Santa Croce Camerina, per una campagna per l&#8217;integrazione culturale nell&#8217;agosto del 2009. E saranno ancora esposte al pubblico fino a maggio 2016 presso la sala conferenze dell&#8217;istituto Inda di Siracusa&#8221;.<\/p>\n<div id='gallery-1' class='gallery galleryid-28337 gallery-columns-3 gallery-size-thumbnail'><figure class='gallery-item'>\n\t\t\t<div class='gallery-icon landscape'>\n\t\t\t\t<a href='https:\/\/www.santacroceweb.com\/index.php\/2015\/05\/15\/siracusa-presentate-la-tragedie-greche-in-sala-le-foto-di-silvio-rizzo\/img-20150515-wa0007\/'><img decoding=\"async\" width=\"150\" height=\"150\" src=\"https:\/\/www.santacroceweb.com\/giornale1\/wp-content\/uploads\/2015\/05\/IMG-20150515-WA0007.jpg\" class=\"attachment-thumbnail size-thumbnail jl-lazyload lazyload\" alt=\"\" data-src=\"https:\/\/www.santacroceweb.com\/giornale1\/wp-content\/uploads\/2015\/05\/IMG-20150515-WA0007-150x150.jpg\" \/><\/a>\n\t\t\t<\/div><\/figure><figure class='gallery-item'>\n\t\t\t<div class='gallery-icon portrait'>\n\t\t\t\t<a href='https:\/\/www.santacroceweb.com\/index.php\/2015\/05\/15\/siracusa-presentate-la-tragedie-greche-in-sala-le-foto-di-silvio-rizzo\/img-20150515-wa0008\/'><img decoding=\"async\" width=\"150\" height=\"150\" src=\"https:\/\/www.santacroceweb.com\/giornale1\/wp-content\/uploads\/2015\/05\/IMG-20150515-WA0008.jpg\" class=\"attachment-thumbnail size-thumbnail jl-lazyload lazyload\" alt=\"\" data-src=\"https:\/\/www.santacroceweb.com\/giornale1\/wp-content\/uploads\/2015\/05\/IMG-20150515-WA0008-150x150.jpg\" \/><\/a>\n\t\t\t<\/div><\/figure><figure class='gallery-item'>\n\t\t\t<div class='gallery-icon landscape'>\n\t\t\t\t<a href='https:\/\/www.santacroceweb.com\/index.php\/2015\/05\/15\/siracusa-presentate-la-tragedie-greche-in-sala-le-foto-di-silvio-rizzo\/img-20150515-wa0009\/'><img decoding=\"async\" width=\"150\" height=\"150\" src=\"https:\/\/www.santacroceweb.com\/giornale1\/wp-content\/uploads\/2015\/05\/IMG-20150515-WA0009.jpg\" class=\"attachment-thumbnail size-thumbnail jl-lazyload lazyload\" alt=\"\" data-src=\"https:\/\/www.santacroceweb.com\/giornale1\/wp-content\/uploads\/2015\/05\/IMG-20150515-WA0009-150x150.jpg\" \/><\/a>\n\t\t\t<\/div><\/figure><figure class='gallery-item'>\n\t\t\t<div class='gallery-icon landscape'>\n\t\t\t\t<a href='https:\/\/www.santacroceweb.com\/index.php\/2015\/05\/15\/siracusa-presentate-la-tragedie-greche-in-sala-le-foto-di-silvio-rizzo\/img-20150515-wa0010\/'><img loading=\"lazy\" decoding=\"async\" width=\"150\" height=\"150\" src=\"https:\/\/www.santacroceweb.com\/giornale1\/wp-content\/uploads\/2015\/05\/IMG-20150515-WA0010.jpg\" class=\"attachment-thumbnail size-thumbnail jl-lazyload lazyload\" alt=\"\" data-src=\"https:\/\/www.santacroceweb.com\/giornale1\/wp-content\/uploads\/2015\/05\/IMG-20150515-WA0010-150x150.jpg\" \/><\/a>\n\t\t\t<\/div><\/figure><figure class='gallery-item'>\n\t\t\t<div class='gallery-icon portrait'>\n\t\t\t\t<a href='https:\/\/www.santacroceweb.com\/index.php\/2015\/05\/15\/siracusa-presentate-la-tragedie-greche-in-sala-le-foto-di-silvio-rizzo\/img-20150515-wa0011\/'><img loading=\"lazy\" decoding=\"async\" width=\"150\" height=\"150\" src=\"https:\/\/www.santacroceweb.com\/giornale1\/wp-content\/uploads\/2015\/05\/IMG-20150515-WA0011.jpg\" class=\"attachment-thumbnail size-thumbnail jl-lazyload lazyload\" alt=\"\" data-src=\"https:\/\/www.santacroceweb.com\/giornale1\/wp-content\/uploads\/2015\/05\/IMG-20150515-WA0011-150x150.jpg\" \/><\/a>\n\t\t\t<\/div><\/figure><figure class='gallery-item'>\n\t\t\t<div class='gallery-icon landscape'>\n\t\t\t\t<a href='https:\/\/www.santacroceweb.com\/index.php\/2015\/05\/15\/siracusa-presentate-la-tragedie-greche-in-sala-le-foto-di-silvio-rizzo\/img-20150515-wa0012\/'><img loading=\"lazy\" decoding=\"async\" width=\"150\" height=\"150\" src=\"https:\/\/www.santacroceweb.com\/giornale1\/wp-content\/uploads\/2015\/05\/IMG-20150515-WA0012.jpg\" class=\"attachment-thumbnail size-thumbnail jl-lazyload lazyload\" alt=\"\" aria-describedby=\"gallery-1-28345\" data-src=\"https:\/\/www.santacroceweb.com\/giornale1\/wp-content\/uploads\/2015\/05\/IMG-20150515-WA0012-150x150.jpg\" \/><\/a>\n\t\t\t<\/div>\n\t\t\t\t<figcaption class='wp-caption-text gallery-caption' id='gallery-1-28345'>\n\t\t\t\tfoto di Silvio Rizzo\n\t\t\t\t<\/figcaption><\/figure><figure class='gallery-item'>\n\t\t\t<div class='gallery-icon landscape'>\n\t\t\t\t<a href='https:\/\/www.santacroceweb.com\/index.php\/2015\/05\/15\/siracusa-presentate-la-tragedie-greche-in-sala-le-foto-di-silvio-rizzo\/img-20150515-wa0013\/'><img loading=\"lazy\" decoding=\"async\" width=\"150\" height=\"150\" src=\"https:\/\/www.santacroceweb.com\/giornale1\/wp-content\/uploads\/2015\/05\/IMG-20150515-WA0013.jpg\" class=\"attachment-thumbnail size-thumbnail jl-lazyload lazyload\" alt=\"\" data-src=\"https:\/\/www.santacroceweb.com\/giornale1\/wp-content\/uploads\/2015\/05\/IMG-20150515-WA0013-150x150.jpg\" \/><\/a>\n\t\t\t<\/div><\/figure>\n\t\t<\/div>\n\n","protected":false},"excerpt":{"rendered":"<p>L\u2019atteso appuntamento con le Tragedie Greche, presso il magnifico Teatro Greco di Siracusa, si terr\u00e0 da oggi, 15 maggio, al 28 giugno 2015. La fondazione INDA di Siracusa (Istituto Nazionale Dramma Antico) dar\u00e0 vita al cinquantunesimo ciclo di spettacoli classici con la Trilogia del Mare e porter\u00e0 in scena \u201cMedea\u201d di Seneca, \u201cLe Supplici\u201d di [&hellip;]<\/p>\n","protected":false},"author":34,"featured_media":28346,"comment_status":"open","ping_status":"open","sticky":false,"template":"","format":"gallery","meta":{"footnotes":""},"categories":[6],"tags":[],"class_list":["post-28337","post","type-post","status-publish","format-gallery","has-post-thumbnail","hentry","category-culturaespettacolo","post_format-post-format-gallery"],"_links":{"self":[{"href":"https:\/\/www.santacroceweb.com\/index.php\/wp-json\/wp\/v2\/posts\/28337","targetHints":{"allow":["GET"]}}],"collection":[{"href":"https:\/\/www.santacroceweb.com\/index.php\/wp-json\/wp\/v2\/posts"}],"about":[{"href":"https:\/\/www.santacroceweb.com\/index.php\/wp-json\/wp\/v2\/types\/post"}],"author":[{"embeddable":true,"href":"https:\/\/www.santacroceweb.com\/index.php\/wp-json\/wp\/v2\/users\/34"}],"replies":[{"embeddable":true,"href":"https:\/\/www.santacroceweb.com\/index.php\/wp-json\/wp\/v2\/comments?post=28337"}],"version-history":[{"count":0,"href":"https:\/\/www.santacroceweb.com\/index.php\/wp-json\/wp\/v2\/posts\/28337\/revisions"}],"wp:featuredmedia":[{"embeddable":true,"href":"https:\/\/www.santacroceweb.com\/index.php\/wp-json\/wp\/v2\/media\/28346"}],"wp:attachment":[{"href":"https:\/\/www.santacroceweb.com\/index.php\/wp-json\/wp\/v2\/media?parent=28337"}],"wp:term":[{"taxonomy":"category","embeddable":true,"href":"https:\/\/www.santacroceweb.com\/index.php\/wp-json\/wp\/v2\/categories?post=28337"},{"taxonomy":"post_tag","embeddable":true,"href":"https:\/\/www.santacroceweb.com\/index.php\/wp-json\/wp\/v2\/tags?post=28337"}],"curies":[{"name":"wp","href":"https:\/\/api.w.org\/{rel}","templated":true}]}}