{"id":2843,"date":"2013-03-14T09:19:37","date_gmt":"2013-03-14T08:19:37","guid":{"rendered":"http:\/\/www.santacroceweb.com\/giornale1\/?p=2843"},"modified":"2013-03-18T17:52:30","modified_gmt":"2013-03-18T16:52:30","slug":"eletto-pontefice-largentino-bergoglio-col-nome-francesco-umilta-e-semplicita-come-il-santo-dassisi","status":"publish","type":"post","link":"https:\/\/www.santacroceweb.com\/index.php\/2013\/03\/14\/eletto-pontefice-largentino-bergoglio-col-nome-francesco-umilta-e-semplicita-come-il-santo-dassisi\/","title":{"rendered":"Eletto Pontefice l&#8217;argentino Bergoglio col nome Francesco. Umilt\u00e0 come il Santo d&#8217;Assisi"},"content":{"rendered":"<p style=\"text-align: justify;\">Alle 19:06 arriva la fumata bianca. A darne conferma c&#8217;\u00e8 il suono delle campane: il nuovo Papa \u00e8 stato eletto. In piazza San Pietro esplode l&#8217;entusiasmo. I 115 cardinali, riuniti da marted\u00ec nella Cappella Sistina, hanno eletto il nuovo Pontefice al quinto scrutinio. Dopo circa un&#8217;ora si svela al mondo: \u00e8 \u00a0il Cardinale argentino Jorge Mario Bergoglio, che assume il nome di Francesco. \u00a0La scelta di un nome che fa riflettere, innanzitutto perch\u00e9 San Francesco \u00e8 il patrono d&#8217;Italia, ma soprattutto perch\u00e9 rappresenta l&#8217;emblema dell&#8217;umilt\u00e0, della semplicit\u00e0, dell&#8217;amore per il prossimo. E cos\u00ec ci appare Jorge Mario Bergoglio, nato a Buenos Aires il 17 dicembre 1936, ma di origine italiana. Figlio di un impiegato delle ferrovie, Mario, e di Regina Sivori, una casalinga, \u00a0si \u00e8 diplomato come tecnico chimico e successivamente laureato in filosofia. E&#8217; stato docente di letteratura e psicologia ed \u00e8 diventato sacerdote a 33 anni, entrando a far parte della Compagnia di Ges\u00f9. Quando venne eletto Arcivescovo di Buenos Aires, anzich\u00e9 abitare nel palazzo a lui assegnato prefer\u00ec stabilirsi in un modesto appartamento dove cucinava da solo ed accudiva un anziano sacerdote. Fu eletto\u00a0cardinale nel febbraio del 2011. Nel 2005 \u00e8 stato il vero avversario di Joseph Ratzinger nel Conclave, risultando il secondo degli eletti. Oggi, a 76 anni, Jorge Mario Bergoglio arriva in Vaticano come figura di riferimento per tutti i cardinali americani e nello specifico della folta pattuglia latina. C\u2019\u00e8 una frase raccolta dai cronisti attorno all\u2019entourage dei cardinali: \u201cBasterebbero quattro anni di Bergoglio per cambiare le cose\u201d. Appena affacciatosi dalla finestra ha ringraziato tutti e, dopo una battuta sulla sua provenienza ( i colleghi cardinali che hanno scelto un vescovo di Roma lo sono &#8220;andati a prendere alla fine del mondo&#8221;), ha recitato l\u2019ave Maria. Poi un breve discorso: &#8220;Prima di tutto vorrei fare una preghiera per il nostro Vescovo Emerito Benedetto XVI. Preghiamo tutti insieme per lui, il Signore lo benedica, la Madonna lo custodisca. Grazie per l\u2019accoglienza, pregate per me e ci vediamo presto. Domani voglio andare a pregare la Madonna perch\u00e9 custodisca tutta Roma&#8221;. Congedandosi dai fedeli in piazza San Pietro, a Papa Francesco scappa un &#8220;buenas tardes&#8221;, subito corretto con &#8220;buonanotte&#8221;. \u00a0 &#8220;\u00c8 un papa storico, un momento storico, perch\u00e9 \u00e8 il primo papa latino-americano della storia della chiesa&#8221; lo dicono ancora stravolti otto ragazzi argentini tra i 23 e i 24 anni che hanno trascorso il primo dei loro 3 giorni di vacanza a Roma. &#8220;\u00c8 incredibile sia per il Sud America che per l\u2019Argentina &#8211; continuano a ripetere quasi non credendoci &#8211; Noi siamo stati davvero fortunati a vivere questa grande emozione&#8221;. &#8220;Mi piace il tango&#8221; \u00e8 il capitolo pi\u00f9 intimista del libro-intervista su Jorge Mario Bergoglio &#8220;Il gesuita&#8221;, scritto dai giornalisti Francesca Ambrogetti e Sergio Rubin nel 2010. Nel libro, Bergoglio rivela di aver avuto una fidanzata (&#8220;era del gruppo di amici con i quali andavamo a ballare. Poi ho scoperto la vocazione religiosa&#8221;), di amare la letteratura italiana e il Piemonte. \u00a0Come film preferito cita &#8220;Il pranzo di Babette&#8221;, come quadro &#8220;La Crocefissione Bianca&#8221; di Chagall, come libri il suo amore per &#8220;I promessi sposi&#8221; e la &#8220;Divina Commedia&#8221;. Tra gli altri interessi \u00a0&#8220;il calcio, la poesia di Holderlin e Beethoven&#8221;. In un altro dei passaggi chiave del libro, Bergoglio affermare che &#8220;la nostra missione \u00e8 scendere per le strade a cercare la gente&#8221;. E lui, a quanto pare, ha tutto ci\u00f2 di cui il mondo ha bisogno in questo momento: umilt\u00e0, semplicit\u00e0 e amore per il prossimo&#8230; proprio come il &#8216;nostro&#8217; San Francesco.<\/p>\n<p style=\"text-align: right;\"><strong>Redazione<\/strong><\/p>\n<p style=\"text-align: center;\"><span style=\"text-decoration: underline; color: #ff0000;\"><strong>GUARDA IL VIDEO DEL DISCORSO DEL PAPA<\/strong><\/span><\/p>\n<p style=\"text-align: center;\">[youtube]xjVfrhESSX8[\/youtube]\n","protected":false},"excerpt":{"rendered":"<p>Alle 19:06 arriva la fumata bianca. A darne conferma c&#8217;\u00e8 il suono delle campane: il nuovo Papa \u00e8 stato eletto. In piazza San Pietro esplode l&#8217;entusiasmo. I 115 cardinali, riuniti da marted\u00ec nella Cappella Sistina, hanno eletto il nuovo Pontefice al quinto scrutinio. Dopo circa un&#8217;ora si svela al mondo: \u00e8 \u00a0il Cardinale argentino Jorge [&hellip;]<\/p>\n","protected":false},"author":34,"featured_media":2844,"comment_status":"open","ping_status":"open","sticky":false,"template":"","format":"standard","meta":{"footnotes":""},"categories":[8,1],"tags":[],"class_list":["post-2843","post","type-post","status-publish","format-standard","has-post-thumbnail","hentry","category-attualita","category-news"],"_links":{"self":[{"href":"https:\/\/www.santacroceweb.com\/index.php\/wp-json\/wp\/v2\/posts\/2843","targetHints":{"allow":["GET"]}}],"collection":[{"href":"https:\/\/www.santacroceweb.com\/index.php\/wp-json\/wp\/v2\/posts"}],"about":[{"href":"https:\/\/www.santacroceweb.com\/index.php\/wp-json\/wp\/v2\/types\/post"}],"author":[{"embeddable":true,"href":"https:\/\/www.santacroceweb.com\/index.php\/wp-json\/wp\/v2\/users\/34"}],"replies":[{"embeddable":true,"href":"https:\/\/www.santacroceweb.com\/index.php\/wp-json\/wp\/v2\/comments?post=2843"}],"version-history":[{"count":0,"href":"https:\/\/www.santacroceweb.com\/index.php\/wp-json\/wp\/v2\/posts\/2843\/revisions"}],"wp:featuredmedia":[{"embeddable":true,"href":"https:\/\/www.santacroceweb.com\/index.php\/wp-json\/wp\/v2\/media\/2844"}],"wp:attachment":[{"href":"https:\/\/www.santacroceweb.com\/index.php\/wp-json\/wp\/v2\/media?parent=2843"}],"wp:term":[{"taxonomy":"category","embeddable":true,"href":"https:\/\/www.santacroceweb.com\/index.php\/wp-json\/wp\/v2\/categories?post=2843"},{"taxonomy":"post_tag","embeddable":true,"href":"https:\/\/www.santacroceweb.com\/index.php\/wp-json\/wp\/v2\/tags?post=2843"}],"curies":[{"name":"wp","href":"https:\/\/api.w.org\/{rel}","templated":true}]}}