{"id":28487,"date":"2015-05-22T09:56:59","date_gmt":"2015-05-22T07:56:59","guid":{"rendered":"http:\/\/www.santacroceweb.com\/giornale1\/?p=28487"},"modified":"2015-05-22T09:56:59","modified_gmt":"2015-05-22T07:56:59","slug":"lavis-incontra-lassessore-borsellino-obiettivo-lincremento-dei-donatori","status":"publish","type":"post","link":"https:\/\/www.santacroceweb.com\/index.php\/2015\/05\/22\/lavis-incontra-lassessore-borsellino-obiettivo-lincremento-dei-donatori\/","title":{"rendered":"L&#8217;Avis incontra l&#8217;assessore Borsellino: obiettivo l&#8217;incremento dei donatori"},"content":{"rendered":"<p style=\"text-align: justify;\">L&#8217;Avis Regionale Sicilia ha incontrato ieri l&#8217;assessore alla Salute Lucia Borsellino a Palermo. &#8220;\u00c8 stato un incontro proficuo &#8211; commenta Salvatore Mandar\u00e0, presidente regionale dell&#8217;Avis &#8211; dove attraverso un ricco confronto si sono affrontate le problematiche sull&#8217;accreditamento delle Unit\u00e0 di Raccolta con la necessit\u00e0 di incrementare sia i donatori che le donazioni per poter arrivare all&#8217;autosufficienza regionale.\u00a0Saranno necessari progetti e attivit\u00e0 che consentano attraverso la comunicazione sociale di fare sensibilizzazione al dono del sangue per evitare soprattutto nei periodi estivi la mancanza di sangue negli ospedali&#8221;. &#8220;L&#8217;Avis nel ragusano \u00e8 un modello da prendere come esempio &#8211; ha dichiarato l&#8217; ass. Borsellino &#8211; affinch\u00e9 si possa creare quella rete di solidariet\u00e0 che consenta ai cittadini il diritto alla salute attraverso una sanit\u00e0 d&#8217;eccellenza&#8221;.<\/p>\n","protected":false},"excerpt":{"rendered":"<p>L&#8217;Avis Regionale Sicilia ha incontrato ieri l&#8217;assessore alla Salute Lucia Borsellino a Palermo. &#8220;\u00c8 stato un incontro proficuo &#8211; commenta Salvatore Mandar\u00e0, presidente regionale dell&#8217;Avis &#8211; dove attraverso un ricco confronto si sono affrontate le problematiche sull&#8217;accreditamento delle Unit\u00e0 di Raccolta con la necessit\u00e0 di incrementare sia i donatori che le donazioni per poter arrivare [&hellip;]<\/p>\n","protected":false},"author":34,"featured_media":28488,"comment_status":"open","ping_status":"open","sticky":false,"template":"","format":"standard","meta":{"footnotes":""},"categories":[8],"tags":[],"class_list":["post-28487","post","type-post","status-publish","format-standard","has-post-thumbnail","hentry","category-attualita"],"_links":{"self":[{"href":"https:\/\/www.santacroceweb.com\/index.php\/wp-json\/wp\/v2\/posts\/28487","targetHints":{"allow":["GET"]}}],"collection":[{"href":"https:\/\/www.santacroceweb.com\/index.php\/wp-json\/wp\/v2\/posts"}],"about":[{"href":"https:\/\/www.santacroceweb.com\/index.php\/wp-json\/wp\/v2\/types\/post"}],"author":[{"embeddable":true,"href":"https:\/\/www.santacroceweb.com\/index.php\/wp-json\/wp\/v2\/users\/34"}],"replies":[{"embeddable":true,"href":"https:\/\/www.santacroceweb.com\/index.php\/wp-json\/wp\/v2\/comments?post=28487"}],"version-history":[{"count":0,"href":"https:\/\/www.santacroceweb.com\/index.php\/wp-json\/wp\/v2\/posts\/28487\/revisions"}],"wp:featuredmedia":[{"embeddable":true,"href":"https:\/\/www.santacroceweb.com\/index.php\/wp-json\/wp\/v2\/media\/28488"}],"wp:attachment":[{"href":"https:\/\/www.santacroceweb.com\/index.php\/wp-json\/wp\/v2\/media?parent=28487"}],"wp:term":[{"taxonomy":"category","embeddable":true,"href":"https:\/\/www.santacroceweb.com\/index.php\/wp-json\/wp\/v2\/categories?post=28487"},{"taxonomy":"post_tag","embeddable":true,"href":"https:\/\/www.santacroceweb.com\/index.php\/wp-json\/wp\/v2\/tags?post=28487"}],"curies":[{"name":"wp","href":"https:\/\/api.w.org\/{rel}","templated":true}]}}