{"id":2849,"date":"2013-03-14T10:30:21","date_gmt":"2013-03-14T09:30:21","guid":{"rendered":"http:\/\/www.santacroceweb.com\/giornale1\/?p=2849"},"modified":"2013-03-14T10:50:28","modified_gmt":"2013-03-14T09:50:28","slug":"pluchino-non-ha-dubbi-unestate-sotto-il-segno-della-sicurezza-questo-lobiettivo-per-il-2013","status":"publish","type":"post","link":"https:\/\/www.santacroceweb.com\/index.php\/2013\/03\/14\/pluchino-non-ha-dubbi-unestate-sotto-il-segno-della-sicurezza-questo-lobiettivo-per-il-2013\/","title":{"rendered":"Pluchino non ha dubbi: \u201cUn\u2019estate sotto il segno della sicurezza, questo l\u2019obiettivo per il 2013\u201c"},"content":{"rendered":"<p style=\"text-align: justify;\">A pochi mesi dall\u2019 inizio della stagione balneare, l\u2019amministrazione comunale di Santa Croce prende in anticipo una serie di provvedimenti atti a soddisfare al meglio i bisogni di una collettivit\u00e0 che nelle localit\u00e0 balneari, proprio nel periodo estivo, risulta decuplicata. A presentare una serie di progetti rispondenti a queste esigenze, l\u2019assessore Rosario Pluchino che intende puntare innanzitutto sulla equilibrata gestione delle risorse e sulla sicurezza. Fra gli obiettivi, le docce sulla spiaggia: \u201c Stiamo preparandoci all\u2019estate per tutto quello che vorremmo fare sulla fascia costiera \u2013 ha affermato Pluchino -. L\u2019intenzione prioritaria, relativa alle docce, \u00e8 quella di razionalizzare l\u2019uso dell\u2019acqua. L\u2019acqua \u00e8 un bene prezioso va usata con parsimonia e con la giusta cautela. Su ogni doccia sar\u00e0 messo un contatore che indicher\u00e0 quanta acqua esce da ciascuna di esse. I ragazzini andavano a giocare con le docce, alcuni le lasciavano addirittura aperte, altri ancora ci lavavano gli animali d\u2019affezione. E\u2019 una cosa che non pu\u00f2 essere tollerata.\u00a0 Stiamo provvedendo pensando di mettere delle gettoniere o delle card, ma l\u2019intenzione \u00e8 quella di evitare lo spreco ed educare la gente all\u2019uso razionale dell\u2019acqua\u201d. Oltre a ci\u00f2 si adotteranno dei sistemi di monitoraggio delle spiagge per garantire la sicurezza dei bagnanti. \u201c C\u2019\u00e8 un accordo ancora da ratificare con la Protezione Civile di Ragusa \u2013 ha aggiunto Pluchino -, loro hanno una postazione al porto di Marina di Ragusa, quindi , con questo accordo, invece di andare direttamente a Punta Braccetto, passeranno vicino le nostre coste, potenzieranno il servizio di bagnini che gi\u00e0 \u00e8 previsto e si fermeranno in ogni postazione dando un effetto visivo della loro presenza. Potenzieremo ulteriormente con delle ricetrasmittenti che daremo ad ogni postazione. Se ci sar\u00e0 un\u2019emergenza tutte le postazioni di salvataggio saranno allertate, non ci saranno pi\u00f9 compartimenti stagni\u201d. Non ultimo e meno importante, il progetto relativo ai defibrillatori, sul cui uso sono gi\u00e0 partiti i corsi. \u201cLa mia intenzione \u00e8 di coinvolgere tutti per il pubblico accesso ai defibrillatori \u2013 ha ulteriormente sostenuto Pluchino -. Tutti devono sapere usare i defibrillatori che saranno messi in posti strategici del paese , per coprirlo interamente. Per quanto riguarda l\u2019acquisto di essi, ci stiamo lavorando, perch\u00e9 il problema non \u00e8 soltanto il loro acquisto, ma \u00e8 importante fare i corsi che gi\u00e0 l\u2019Azienda Sanitaria 7 sta facendo gratis. L\u2019acquisto \u00e8 una cosa pi\u00f9 complessa, ma anche il dove posizionare i defibrillatori, che non posso fare io, ma devono fare delle ditte specializzate che si occupano di questo e che abbiamo gi\u00e0 contattato. Al pi\u00f9 presto avremo una situazione certa perch\u00e9 poi la spesa deve essere prevista in bilancio. Conto prima dell\u2019estate che questo lavoro sia pronto\u201d. \u00a0E tutti noi aspettiamo di poter vivere la prossima stagione estiva in modo pi\u00f9 funzionale e sicuro.<\/p>\n<p style=\"text-align: right;\">Antonella Galuppi<\/p>\n","protected":false},"excerpt":{"rendered":"<p>A pochi mesi dall\u2019 inizio della stagione balneare, l\u2019amministrazione comunale di Santa Croce prende in anticipo una serie di provvedimenti atti a soddisfare al meglio i bisogni di una collettivit\u00e0 che nelle localit\u00e0 balneari, proprio nel periodo estivo, risulta decuplicata. A presentare una serie di progetti rispondenti a queste esigenze, l\u2019assessore Rosario Pluchino che intende [&hellip;]<\/p>\n","protected":false},"author":4,"featured_media":2850,"comment_status":"open","ping_status":"open","sticky":false,"template":"","format":"standard","meta":{"footnotes":""},"categories":[1,4],"tags":[],"class_list":["post-2849","post","type-post","status-publish","format-standard","has-post-thumbnail","hentry","category-news","category-politica"],"_links":{"self":[{"href":"https:\/\/www.santacroceweb.com\/index.php\/wp-json\/wp\/v2\/posts\/2849","targetHints":{"allow":["GET"]}}],"collection":[{"href":"https:\/\/www.santacroceweb.com\/index.php\/wp-json\/wp\/v2\/posts"}],"about":[{"href":"https:\/\/www.santacroceweb.com\/index.php\/wp-json\/wp\/v2\/types\/post"}],"author":[{"embeddable":true,"href":"https:\/\/www.santacroceweb.com\/index.php\/wp-json\/wp\/v2\/users\/4"}],"replies":[{"embeddable":true,"href":"https:\/\/www.santacroceweb.com\/index.php\/wp-json\/wp\/v2\/comments?post=2849"}],"version-history":[{"count":0,"href":"https:\/\/www.santacroceweb.com\/index.php\/wp-json\/wp\/v2\/posts\/2849\/revisions"}],"wp:featuredmedia":[{"embeddable":true,"href":"https:\/\/www.santacroceweb.com\/index.php\/wp-json\/wp\/v2\/media\/2850"}],"wp:attachment":[{"href":"https:\/\/www.santacroceweb.com\/index.php\/wp-json\/wp\/v2\/media?parent=2849"}],"wp:term":[{"taxonomy":"category","embeddable":true,"href":"https:\/\/www.santacroceweb.com\/index.php\/wp-json\/wp\/v2\/categories?post=2849"},{"taxonomy":"post_tag","embeddable":true,"href":"https:\/\/www.santacroceweb.com\/index.php\/wp-json\/wp\/v2\/tags?post=2849"}],"curies":[{"name":"wp","href":"https:\/\/api.w.org\/{rel}","templated":true}]}}