{"id":29202,"date":"2015-06-15T12:48:49","date_gmt":"2015-06-15T10:48:49","guid":{"rendered":"http:\/\/www.santacroceweb.com\/giornale1\/?p=29202"},"modified":"2015-06-15T12:48:49","modified_gmt":"2015-06-15T10:48:49","slug":"la-rubrica-del-santa-croce-calcio-face-2-face-con-damiano-buscema","status":"publish","type":"post","link":"https:\/\/www.santacroceweb.com\/index.php\/2015\/06\/15\/la-rubrica-del-santa-croce-calcio-face-2-face-con-damiano-buscema\/","title":{"rendered":"La rubrica del Santa Croce calcio: &#8220;Face 2 Face&#8221; con Damiano Buscema"},"content":{"rendered":"<p style=\"text-align: justify;\">Nuovo appuntamento con la rubrica sportiva del lunedi\u00a0\u201cFace 2 Face\u201d. In questo numero poniamo lo sguardo sul talentuoso Damiano Buscema. Il giovane centrocampista modicano, dopo aver girato societ\u00e0 di alto spessore (Ragusa, Messina, Noto, Modica) e aver partecipato con la fascia da capitano al torneo di Viareggio con la Rappresentativa Siciliana di serie D, \u00e8 giunto a Santa Croce durante il girone di ritorno della stagione appena conclusa, diventando la marcia in pi\u00f9 della squadra allenata dal duo La Vaccara-Buoncompagni. Grazie al suo contributo il Santa Croce \u00e8 riuscito a raggiungere i quarti di finale di Coppa Italia e la semifinale playoff. Oggi, Damiano Buscema, nonostante la giovane et\u00e0 (nato il 09\/05\/1994) alimenta i desideri di tante squadre che lo corteggiano e per questo motivo il suo immediato futuro sembra ancora piuttosto incerto nonostante molti tifosi biancoazzurri si augurano possa continuare a vestire la maglia della Citt\u00e0 del Sole.<\/p>\n<p style=\"text-align: justify;\"><strong>Che impressione hai avuto il primo giorno che sei arrivato a Santa Croce?<br \/>\n<\/strong>\u201cL\u2019impressione \u00e8 stata subito ottima. Avevo sentito parlare sempre bene del Santa Croce e cos\u00ec \u00e8 stato\u2026 Dal primo giorno mi sono sentito parte integrante di una grande famiglia quindi non \u00e8 stato difficile inserirmi, ringrazio quindi la societ\u00e0 e ai miei compagni di squadra per questo\u201d.<\/p>\n<div><span style=\"text-decoration: underline; color: #0000ff;\"><b><a style=\"color: #0000ff;\" href=\"http:\/\/updsantacroce.com\/face-2-face-con-damiano-buscema-arriva-il-5-numero-della-rubrica-sportiva\/\">Leggi l&#8217;intera intervista qui!<\/a><\/b><\/span><\/div>\n","protected":false},"excerpt":{"rendered":"<p>Nuovo appuntamento con la rubrica sportiva del lunedi\u00a0\u201cFace 2 Face\u201d. In questo numero poniamo lo sguardo sul talentuoso Damiano Buscema. Il giovane centrocampista modicano, dopo aver girato societ\u00e0 di alto spessore (Ragusa, Messina, Noto, Modica) e aver partecipato con la fascia da capitano al torneo di Viareggio con la Rappresentativa Siciliana di serie D, \u00e8 [&hellip;]<\/p>\n","protected":false},"author":34,"featured_media":23931,"comment_status":"open","ping_status":"open","sticky":false,"template":"","format":"standard","meta":{"footnotes":""},"categories":[20,3],"tags":[],"class_list":["post-29202","post","type-post","status-publish","format-standard","has-post-thumbnail","hentry","category-rubriche","category-sport"],"_links":{"self":[{"href":"https:\/\/www.santacroceweb.com\/index.php\/wp-json\/wp\/v2\/posts\/29202","targetHints":{"allow":["GET"]}}],"collection":[{"href":"https:\/\/www.santacroceweb.com\/index.php\/wp-json\/wp\/v2\/posts"}],"about":[{"href":"https:\/\/www.santacroceweb.com\/index.php\/wp-json\/wp\/v2\/types\/post"}],"author":[{"embeddable":true,"href":"https:\/\/www.santacroceweb.com\/index.php\/wp-json\/wp\/v2\/users\/34"}],"replies":[{"embeddable":true,"href":"https:\/\/www.santacroceweb.com\/index.php\/wp-json\/wp\/v2\/comments?post=29202"}],"version-history":[{"count":0,"href":"https:\/\/www.santacroceweb.com\/index.php\/wp-json\/wp\/v2\/posts\/29202\/revisions"}],"wp:featuredmedia":[{"embeddable":true,"href":"https:\/\/www.santacroceweb.com\/index.php\/wp-json\/wp\/v2\/media\/23931"}],"wp:attachment":[{"href":"https:\/\/www.santacroceweb.com\/index.php\/wp-json\/wp\/v2\/media?parent=29202"}],"wp:term":[{"taxonomy":"category","embeddable":true,"href":"https:\/\/www.santacroceweb.com\/index.php\/wp-json\/wp\/v2\/categories?post=29202"},{"taxonomy":"post_tag","embeddable":true,"href":"https:\/\/www.santacroceweb.com\/index.php\/wp-json\/wp\/v2\/tags?post=29202"}],"curies":[{"name":"wp","href":"https:\/\/api.w.org\/{rel}","templated":true}]}}