{"id":29375,"date":"2015-06-26T12:01:58","date_gmt":"2015-06-26T10:01:58","guid":{"rendered":"http:\/\/www.santacroceweb.com\/giornale1\/?p=29375"},"modified":"2015-06-26T12:02:53","modified_gmt":"2015-06-26T10:02:53","slug":"cambia-la-ditta-dei-rifiuti-il-sindaco-vorrei-cittadini-piu-sensibili","status":"publish","type":"post","link":"https:\/\/www.santacroceweb.com\/index.php\/2015\/06\/26\/cambia-la-ditta-dei-rifiuti-il-sindaco-vorrei-cittadini-piu-sensibili\/","title":{"rendered":"Cambia la ditta dei rifiuti, il sindaco: &#8220;Ora vorrei cittadini pi\u00f9 sensibili&#8221;"},"content":{"rendered":"<p style=\"text-align: justify;\">Il Comune di Santa Croce Camerina ha aggiudicato la gara d\u2019appalto per la raccolta, il trasporto e lo smaltimento dei rifiuti urbani sul territorio urbano. <strong><span style=\"text-decoration: underline;\"><a href=\"https:\/\/www.santacroceweb.com\/giornale1\/index.php\/2015\/06\/24\/rifiuti-cambia-il-gestore-senesi-vince-lappalto-e-subentra-a-busso\/\">Il servizio sar\u00e0 affidato alla Senesi Spa<\/a><\/span><\/strong> con sede a Porto Sant\u2019Elpidio (Fermo) che comincer\u00e0 la propria attivit\u00e0 dall\u20191 luglio. Il servizio avr\u00e0 la durata di sei mesi per un costo complessivo di 493.763,20 al netto del ribasso d\u2019asta offerto in sede di gara, pari al 27,08%. \u201cVisto che \u2013 dice il sindaco Franca Iurato \u2013 gi\u00e0 per la terza volta era stata predisposta una ordinanza di proroga alla ditta Ecoseib che gestiva il servizio, \u00e8 stato deciso, seguendo le indicazioni del codice dei contratti, di pubblicare un bando affinch\u00e9 il servizio potesse andare avanti per i prossimi sei mesi, sino alla fine dell\u2019anno quindi, in attesa delle decisioni provenienti da Palermo sul piano d\u2019intervento di durata settennale che il nostro Comune ha gi\u00e0 trasmesso. Nel bando di gara \u00e8 stato inserito il mantenimento dei livelli occupazionali per i dipendenti in servizio della ditta Ecoseib. Colgo l\u2019occasione per chiedere ai concittadini santacrocesi di garantire ulteriore prova di sensibilit\u00e0 per quanto concerne l\u2019aspetto ambientale. Non dimentichiamo che, nel campo dei rifiuti, siamo passati dalla tassa alla tariffa. Per cui ci\u00f2 comporta il fatto che i costi del servizio dovranno essere coperti per intero dai tributi versati dai cittadini. Quindi, pi\u00f9 sporchiamo, pi\u00f9 pagheremo. Rischiamo anche di incorrere nelle sanzioni che l\u2019Europa irrogher\u00e0. Nel piano d\u2019intervento stilato seguendo le indicazioni della Regione, l\u2019obiettivo nei sette anni \u00e8 di raggiungere una percentuale pari al 65% di raccolta differenziata. Intanto, possiamo ribadire che \u00e8 nell\u2019interesse della cittadinanza, oltre che per il decoro e per il rispetto dell\u2019ambiente, fare in modo che l\u2019attenzione in questo campo possa diventare massima per evitare che i costi eccessivi incidano sulle tasche di tutti noi\u201d.<\/p>\n","protected":false},"excerpt":{"rendered":"<p>Il Comune di Santa Croce Camerina ha aggiudicato la gara d\u2019appalto per la raccolta, il trasporto e lo smaltimento dei rifiuti urbani sul territorio urbano. Il servizio sar\u00e0 affidato alla Senesi Spa con sede a Porto Sant\u2019Elpidio (Fermo) che comincer\u00e0 la propria attivit\u00e0 dall\u20191 luglio. Il servizio avr\u00e0 la durata di sei mesi per un [&hellip;]<\/p>\n","protected":false},"author":34,"featured_media":27169,"comment_status":"open","ping_status":"open","sticky":false,"template":"","format":"standard","meta":{"footnotes":""},"categories":[8],"tags":[],"class_list":["post-29375","post","type-post","status-publish","format-standard","has-post-thumbnail","hentry","category-attualita"],"_links":{"self":[{"href":"https:\/\/www.santacroceweb.com\/index.php\/wp-json\/wp\/v2\/posts\/29375","targetHints":{"allow":["GET"]}}],"collection":[{"href":"https:\/\/www.santacroceweb.com\/index.php\/wp-json\/wp\/v2\/posts"}],"about":[{"href":"https:\/\/www.santacroceweb.com\/index.php\/wp-json\/wp\/v2\/types\/post"}],"author":[{"embeddable":true,"href":"https:\/\/www.santacroceweb.com\/index.php\/wp-json\/wp\/v2\/users\/34"}],"replies":[{"embeddable":true,"href":"https:\/\/www.santacroceweb.com\/index.php\/wp-json\/wp\/v2\/comments?post=29375"}],"version-history":[{"count":0,"href":"https:\/\/www.santacroceweb.com\/index.php\/wp-json\/wp\/v2\/posts\/29375\/revisions"}],"wp:featuredmedia":[{"embeddable":true,"href":"https:\/\/www.santacroceweb.com\/index.php\/wp-json\/wp\/v2\/media\/27169"}],"wp:attachment":[{"href":"https:\/\/www.santacroceweb.com\/index.php\/wp-json\/wp\/v2\/media?parent=29375"}],"wp:term":[{"taxonomy":"category","embeddable":true,"href":"https:\/\/www.santacroceweb.com\/index.php\/wp-json\/wp\/v2\/categories?post=29375"},{"taxonomy":"post_tag","embeddable":true,"href":"https:\/\/www.santacroceweb.com\/index.php\/wp-json\/wp\/v2\/tags?post=29375"}],"curies":[{"name":"wp","href":"https:\/\/api.w.org\/{rel}","templated":true}]}}