{"id":29565,"date":"2015-06-30T10:06:09","date_gmt":"2015-06-30T08:06:09","guid":{"rendered":"http:\/\/www.santacroceweb.com\/giornale1\/?p=29565"},"modified":"2015-06-30T10:06:09","modified_gmt":"2015-06-30T08:06:09","slug":"calcio-slitta-il-nuovo-tecnico-del-santa-croce-micieli-co-presidente","status":"publish","type":"post","link":"https:\/\/www.santacroceweb.com\/index.php\/2015\/06\/30\/calcio-slitta-il-nuovo-tecnico-del-santa-croce-micieli-co-presidente\/","title":{"rendered":"Calcio, slitta il nuovo tecnico del Santa Croce. Micieli co-presidente"},"content":{"rendered":"<p style=\"text-align: justify;\">Primi movimenti di risveglio in seno alla dirigenza del Santa Croce Calcio, che si \u00e8 riunita per iniziare a tracciare le prime linee programmatiche in vista della prossima stagione agonistica. Tra i punti salienti della riunione non poteva mancare l&#8217;argomento inerente alla guida tecnica della prima squadra che nelle ultime due stagioni \u00e8 stata occupata dal duo Buoncompagni-La Vaccara. Dal ventaglio dei nomi dei papabili allenatori proposti dal direttore generale Claudio Agnello, nessuno ha convinto i dirigenti biancazzurri. La societ\u00e0 capitanata da Marco Agnello, infatti, sta valutando diverse soluzioni ed \u00e8 per questo che i dirigenti hanno chiesto ancora alcuni giorni per identificare la persona che si riterr\u00e0 pi\u00f9 idonea alle esigenze della societ\u00e0. Il direttivo conta, comunque, di arrivare a una decisione definitiva entro la prossima settimana, affinch\u00e9 si possano definire i dettagli e ufficializzare l&#8217;accordo con il nuovo allenatore. Dalla riunione, comunque, \u00e8 arrivata una decisone importante che modificher\u00e0 l\u2019assetto societario. A partire dalla prossima stagione sportiva il presidente Marco Agnello sar\u00e0 affiancato nella massima carica dirigenziale da Giuseppe Micieli che finora aveva ricoperto la carica di vicepresidente. A darne l\u2019ufficialit\u00e0 \u00e8 stato direttamente il presidente Marco Agnello che ha definito il nuovo copresidente come una figura emergente capace di dare nuovi stimoli e ulteriore slancio all\u2019organizzazione societaria sel Santa Croce Calcio. \u201cPer me \u00e8 un onore affiancare Marco Agnello dopo tanti anni di impegno per la societ\u00e0 \u2013 dice entusiasta il nuovo co-presidente Micieli (nella foto) &#8211; Ringrazio l\u2019intero direttivo per la fiducia nei miei confronti. La mia nuova carica non sar\u00e0 solo figurativa bens\u00ec servir\u00e0 per dare maggiore apporto e innovazione a quella che per me \u00e8 una passione travolgente, il Santa Croce Calcio\u201d.<\/p>\n","protected":false},"excerpt":{"rendered":"<p>Primi movimenti di risveglio in seno alla dirigenza del Santa Croce Calcio, che si \u00e8 riunita per iniziare a tracciare le prime linee programmatiche in vista della prossima stagione agonistica. Tra i punti salienti della riunione non poteva mancare l&#8217;argomento inerente alla guida tecnica della prima squadra che nelle ultime due stagioni \u00e8 stata occupata [&hellip;]<\/p>\n","protected":false},"author":34,"featured_media":29568,"comment_status":"open","ping_status":"open","sticky":false,"template":"","format":"standard","meta":{"footnotes":""},"categories":[3],"tags":[],"class_list":["post-29565","post","type-post","status-publish","format-standard","has-post-thumbnail","hentry","category-sport"],"_links":{"self":[{"href":"https:\/\/www.santacroceweb.com\/index.php\/wp-json\/wp\/v2\/posts\/29565","targetHints":{"allow":["GET"]}}],"collection":[{"href":"https:\/\/www.santacroceweb.com\/index.php\/wp-json\/wp\/v2\/posts"}],"about":[{"href":"https:\/\/www.santacroceweb.com\/index.php\/wp-json\/wp\/v2\/types\/post"}],"author":[{"embeddable":true,"href":"https:\/\/www.santacroceweb.com\/index.php\/wp-json\/wp\/v2\/users\/34"}],"replies":[{"embeddable":true,"href":"https:\/\/www.santacroceweb.com\/index.php\/wp-json\/wp\/v2\/comments?post=29565"}],"version-history":[{"count":0,"href":"https:\/\/www.santacroceweb.com\/index.php\/wp-json\/wp\/v2\/posts\/29565\/revisions"}],"wp:featuredmedia":[{"embeddable":true,"href":"https:\/\/www.santacroceweb.com\/index.php\/wp-json\/wp\/v2\/media\/29568"}],"wp:attachment":[{"href":"https:\/\/www.santacroceweb.com\/index.php\/wp-json\/wp\/v2\/media?parent=29565"}],"wp:term":[{"taxonomy":"category","embeddable":true,"href":"https:\/\/www.santacroceweb.com\/index.php\/wp-json\/wp\/v2\/categories?post=29565"},{"taxonomy":"post_tag","embeddable":true,"href":"https:\/\/www.santacroceweb.com\/index.php\/wp-json\/wp\/v2\/tags?post=29565"}],"curies":[{"name":"wp","href":"https:\/\/api.w.org\/{rel}","templated":true}]}}