{"id":30840,"date":"2015-08-15T19:53:56","date_gmt":"2015-08-15T17:53:56","guid":{"rendered":"http:\/\/www.santacroceweb.com\/giornale1\/?p=30840"},"modified":"2015-08-16T11:20:53","modified_gmt":"2015-08-16T09:20:53","slug":"disperso-in-mare-tra-torre-di-mezzo-e-punta-secca-ritrovato-extracomunitario","status":"publish","type":"post","link":"https:\/\/www.santacroceweb.com\/index.php\/2015\/08\/15\/disperso-in-mare-tra-torre-di-mezzo-e-punta-secca-ritrovato-extracomunitario\/","title":{"rendered":"Torre di Mezzo, uomo disperso in mare: ma \u00e8 solo un falso allarme"},"content":{"rendered":"<p style=\"text-align: justify;\">E&#8217; stato ritrovato il giovane extracomunitario che nel pomeriggio era stato dato per disperso in mare, nei pressi di Torre di Mezzo. Lo ha confermato la Capitaneria di Porto di Pozzallo, che per tutto il pomeriggio aveva impiegato uomini e mezzi per la ricerca dell&#8217;uomo. Una motovedetta e un aereo della Guardia Costiera avevano setacciato il tratto di mare che va da Punta Braccetto a Marina di Ragusa.\u00a0L&#8217;allarme era stato lanciato da alcuni bagnanti che intorno alle 15.30 avevano visto un giovane extracomunitario sparire tra le onde, spinto dalla forte corrente. In realt\u00e0 si trattava di un falso allarme, dato che il ragazzo si era allontanato per qualche ora dalla sua postazione lasciando l\u00ec i suoi effetti personali. Non si conoscono l&#8217;identit\u00e0 e l&#8217;et\u00e0 dell&#8217;extracomunitario che al momento del ritrovamento era sprovvisto di documenti ed \u00e8 andato via come se non fosse successo praticamente nulla.<\/p>\n<div id='gallery-1' class='gallery galleryid-30840 gallery-columns-3 gallery-size-thumbnail'><figure class='gallery-item'>\n\t\t\t<div class='gallery-icon portrait'>\n\t\t\t\t<a href='https:\/\/www.santacroceweb.com\/index.php\/2015\/08\/15\/disperso-in-mare-tra-torre-di-mezzo-e-punta-secca-ritrovato-extracomunitario\/20150815_184244-1\/'><img decoding=\"async\" width=\"150\" height=\"150\" src=\"https:\/\/www.santacroceweb.com\/giornale1\/wp-content\/uploads\/2015\/08\/20150815_184244-1.jpg\" class=\"attachment-thumbnail size-thumbnail jl-lazyload lazyload\" alt=\"\" data-src=\"https:\/\/www.santacroceweb.com\/giornale1\/wp-content\/uploads\/2015\/08\/20150815_184244-1-150x150.jpg\" \/><\/a>\n\t\t\t<\/div><\/figure><figure class='gallery-item'>\n\t\t\t<div class='gallery-icon landscape'>\n\t\t\t\t<a href='https:\/\/www.santacroceweb.com\/index.php\/2015\/08\/15\/disperso-in-mare-tra-torre-di-mezzo-e-punta-secca-ritrovato-extracomunitario\/img-20150815-wa0001\/'><img decoding=\"async\" width=\"150\" height=\"150\" src=\"https:\/\/www.santacroceweb.com\/giornale1\/wp-content\/uploads\/2015\/08\/IMG-20150815-WA0001.jpg\" class=\"attachment-thumbnail size-thumbnail jl-lazyload lazyload\" alt=\"\" data-src=\"https:\/\/www.santacroceweb.com\/giornale1\/wp-content\/uploads\/2015\/08\/IMG-20150815-WA0001-150x150.jpg\" \/><\/a>\n\t\t\t<\/div><\/figure><figure class='gallery-item'>\n\t\t\t<div class='gallery-icon landscape'>\n\t\t\t\t<a href='https:\/\/www.santacroceweb.com\/index.php\/2015\/08\/15\/disperso-in-mare-tra-torre-di-mezzo-e-punta-secca-ritrovato-extracomunitario\/img-20150815-wa0002\/'><img decoding=\"async\" width=\"150\" height=\"150\" src=\"https:\/\/www.santacroceweb.com\/giornale1\/wp-content\/uploads\/2015\/08\/IMG-20150815-WA0002.jpg\" class=\"attachment-thumbnail size-thumbnail jl-lazyload lazyload\" alt=\"\" data-src=\"https:\/\/www.santacroceweb.com\/giornale1\/wp-content\/uploads\/2015\/08\/IMG-20150815-WA0002-150x150.jpg\" \/><\/a>\n\t\t\t<\/div><\/figure><figure class='gallery-item'>\n\t\t\t<div class='gallery-icon landscape'>\n\t\t\t\t<a href='https:\/\/www.santacroceweb.com\/index.php\/2015\/08\/15\/disperso-in-mare-tra-torre-di-mezzo-e-punta-secca-ritrovato-extracomunitario\/20150815_183920-1\/'><img loading=\"lazy\" decoding=\"async\" width=\"150\" height=\"150\" src=\"https:\/\/www.santacroceweb.com\/giornale1\/wp-content\/uploads\/2015\/08\/20150815_183920-1.jpg\" class=\"attachment-thumbnail size-thumbnail jl-lazyload lazyload\" alt=\"\" data-src=\"https:\/\/www.santacroceweb.com\/giornale1\/wp-content\/uploads\/2015\/08\/20150815_183920-1-150x150.jpg\" \/><\/a>\n\t\t\t<\/div><\/figure>\n\t\t<\/div>\n\n","protected":false},"excerpt":{"rendered":"<p>E&#8217; stato ritrovato il giovane extracomunitario che nel pomeriggio era stato dato per disperso in mare, nei pressi di Torre di Mezzo. Lo ha confermato la Capitaneria di Porto di Pozzallo, che per tutto il pomeriggio aveva impiegato uomini e mezzi per la ricerca dell&#8217;uomo. Una motovedetta e un aereo della Guardia Costiera avevano setacciato [&hellip;]<\/p>\n","protected":false},"author":34,"featured_media":30846,"comment_status":"open","ping_status":"open","sticky":false,"template":"","format":"standard","meta":{"footnotes":""},"categories":[7,11],"tags":[],"class_list":["post-30840","post","type-post","status-publish","format-standard","has-post-thumbnail","hentry","category-cronaca","category-primopiano"],"_links":{"self":[{"href":"https:\/\/www.santacroceweb.com\/index.php\/wp-json\/wp\/v2\/posts\/30840","targetHints":{"allow":["GET"]}}],"collection":[{"href":"https:\/\/www.santacroceweb.com\/index.php\/wp-json\/wp\/v2\/posts"}],"about":[{"href":"https:\/\/www.santacroceweb.com\/index.php\/wp-json\/wp\/v2\/types\/post"}],"author":[{"embeddable":true,"href":"https:\/\/www.santacroceweb.com\/index.php\/wp-json\/wp\/v2\/users\/34"}],"replies":[{"embeddable":true,"href":"https:\/\/www.santacroceweb.com\/index.php\/wp-json\/wp\/v2\/comments?post=30840"}],"version-history":[{"count":0,"href":"https:\/\/www.santacroceweb.com\/index.php\/wp-json\/wp\/v2\/posts\/30840\/revisions"}],"wp:featuredmedia":[{"embeddable":true,"href":"https:\/\/www.santacroceweb.com\/index.php\/wp-json\/wp\/v2\/media\/30846"}],"wp:attachment":[{"href":"https:\/\/www.santacroceweb.com\/index.php\/wp-json\/wp\/v2\/media?parent=30840"}],"wp:term":[{"taxonomy":"category","embeddable":true,"href":"https:\/\/www.santacroceweb.com\/index.php\/wp-json\/wp\/v2\/categories?post=30840"},{"taxonomy":"post_tag","embeddable":true,"href":"https:\/\/www.santacroceweb.com\/index.php\/wp-json\/wp\/v2\/tags?post=30840"}],"curies":[{"name":"wp","href":"https:\/\/api.w.org\/{rel}","templated":true}]}}