{"id":30882,"date":"2015-08-18T10:48:23","date_gmt":"2015-08-18T08:48:23","guid":{"rendered":"http:\/\/www.santacroceweb.com\/giornale1\/?p=30882"},"modified":"2015-08-18T10:48:23","modified_gmt":"2015-08-18T08:48:23","slug":"gazebook-fa-tappa-a-punta-secca-dall11-al-13-settembre-la-prima-edizione","status":"publish","type":"post","link":"https:\/\/www.santacroceweb.com\/index.php\/2015\/08\/18\/gazebook-fa-tappa-a-punta-secca-dall11-al-13-settembre-la-prima-edizione\/","title":{"rendered":"Gazebook fa tappa a Punta Secca: dall&#8217;11 al 13 settembre la prima edizione"},"content":{"rendered":"<p style=\"text-align: justify;\">Nelle giornate dell&#8217;11, 12 e 13 Settembre 2015, Punta Secca (RG) sar\u00e0 il palcoscenico di Gazebook, Manifestazione Internazionale del Fotolibro. Alla sua prima edizione, Gazebook nasce dall&#8217;idea di dare il via ad un progetto culturale ad ampio respiro il cui intento principale e mettere in relazione il pubblico siciliano con il mondo della fotografia attraverso\u00a0l\u2019azione divulgativa del fotolibro. Il corpo principale del programma di Gazebook e determinato dalle talk serali, un&#8217;occasione unica per il pubblico di approcciarsi alle dinamiche contemporanee del mondo editoriale e di avere un confronto diretto\u00a0con autori e addetti ai lavori. Ad aprire il calendario delle talk sar\u00e0 Colin Pantall, critico e docente presso la USW a Newport, il quale condurr\u00e0 una lecture ad ampio respiro sul ruolo del fotolibro oggi.<\/p>\n<p style=\"text-align: justify;\">Ospite di punta delle talk di Gazebook sar\u00e0 il fotografo MAGNUM Mark Power, il quale discuter\u00e0 della sua carriera fotografica correlata ai suoi pi\u00f9 importanti fotolibri pubblicati. Al fotografo britannico si aggiungono altri due autori esteri che ricoprono un ruolo protagonista nella fotografia documentaria contemporanea, Max Pinckers e Guy Martin. Entrambi incarnano il tema della prima edizione di Gazebook \u2013 \u201cDream &amp; Reality\u201d \u2013 alla ricerca di una fotografia contemporanea che abbracci sia l&#8217;approccio documentario che concettuale, a cavallo tra una realt\u00e0 onirica e didascalica. Inoltre, Gazebook rende omaggio ad una nuove verve della fotografia italiana, la quale e sempre pi\u00f9 protagonista nel panorama fotografico ed editoriale internazionale, sia in termini di autori che di addetti ai lavori.<\/p>\n<p style=\"text-align: justify;\">Tra gli autori, Lorenzo Tricoli, presenter\u00e0 tra i vari lavori il recente fotolibro Le Avventure di Pinocchio, una personale rappresentazione degli anni pi\u00f9 bui dell&#8217;Italia nel &#8216;900 associando immagini e materiale d&#8217;archivio con alcune frasi della favola di Collodi. L&#8217;Italia e ancora il tema principale dell&#8217;ultimo successo di Federico Clavarino, Italia O Italia: una visione personale e metaforica del Belpaese, reinterpretato in un contesto enigmatico e quasi metafisico. Tony Gentile, infine, ricostruisce un piccolo frammento di storia dell&#8217;Italia, attraverso un reportage sulla cruenza della Mafia negli anni &#8217;90 in Sicilia, accompagnato da un racconto di Davide Enia. Lasciando l&#8217;Italia ed emigrando verso l&#8217;Islanda, Roberto Boccaccino presenter\u00e0 l&#8217;intero flusso di lavoro del progetto e fotolibro Boy Old Boy, ambientato a \u00deingeyri dove, per motivi scolastici, \u201ca sedici anni i ragazzi\u00a0se ne vanno e difficilmente ritornano\u201d.<\/p>\n<p style=\"text-align: justify;\">Le talk di Gazebook coinvolgeranno anche i co-fondatori delle case editrici AKINA Books (Alex Bocchetto), Cesura Publish (Luca Santese) e Discipula Editions (Mirko Smerdel), le quali hanno recentemente ottenuto un successo internazionale e che oggi ricoprono un punto di riferimento nell&#8217;editoria indipendente. Infine, ci sar\u00e0 spazio anche per parlare di editing e design nei magazines in una conversazione tra Tiziana Faraoni (photo editor L&#8217;Espresso), Manila Camarini (photo editor D &#8211; La Repubblica) e Daniele Zendroni (graphic designer L&#8217;Espresso), moderati sapientemente da Maurizio Garofalo. La manifestazione sul fotolibro non si limita solamente alle presentazioni editoriali, ma si estende ad ampio raggio sui vari livelli di disseminazione della fotografia. Il percorso pedonale lungo cui prende forma l&#8217;evento vedr\u00e0 l&#8217;installazione di una mostra fotografica principale en plein air: \u201cCity of Dreams\u201d, del gi\u00e0 citato Guy Martin, e un progetto in cui l&#8217;autore mescola gli scontri di Piazza Taksim con il fenomeno di massa delle soap opere turche ambientate sempre a Istanbul. Inoltre, l&#8217;attenzione di Gazebook si concentra sulla fotografia emergente attraverso sei autori in mostra: Gianluca Abblasio, Sebastian Bruno, Calogero Cammalleri, Marta Giaccone, Simone Raeli e Lua Ribeira. Ad essi si aggiunge l&#8217;installazione della mostra Expound, realizzata da fotografi senzatetto e frutto di un progetto di Echo.<\/p>\n<p style=\"text-align: justify;\">Infine, i muri di Punta Secca saranno invasi da gigantografie del collettivo #Dysturb: attraverso la Gazebook, Manifestazione Internazionale del Fotolibro disseminazione di manifesti da affissare lungo i muri pubblici dell\u2019intero borgo \u201cdisturberanno\u201d la\u00a0quotidianit\u00e0 degli abitanti e dei turisti con immagini fotogiornalistiche di cronaca recente da tutto il mondo. L&#8217;offerta formativa di Gazebook prevede la partecipazione a workshop a stretto contatto con alcuni dei protagonisti del festival. Il workshop di punta sar\u00e0 tenuto dal fotografo MAGNUM Mark Power, a cui si aggiungono tre workshop sull&#8217;editoria: Photobook for Dummies, con Alex Bocchetto (AKINA) e Colin Pantall; Progettazione e Self-Publish, con Luca Santese (Cesura); Il layout fotografico, con Tiziana Faraoni e Daniele Zendroni, rispettivamente photo editor e graphic designer de L&#8217;Espresso. L&#8217;esperienza a Punta Secca sar\u00e0 arricchita dalle letture portfolio a titolo gratuito e slegate da alcun concorso o premio, sulla scia del carattere professionale, informale e gioviale di Gazebook. Pi\u00f9 di 15 lettori saranno a vostra disposizione nelle giornate di sabato e domenica per un confronto costruttivo sul vostro portfolio o fotolibro, sia in versione definitiva che dummy.\u00a0Presso la Piazza del Fotolibro, sar\u00e0 possibile trovare dei &#8216;gazebo&#8217; presso cui il pubblico potr\u00e0 interagire con diverse figure del panorama editoriale. Il gazebo principale sar\u00e0 costituito dal bookshop di MiCamera, uno dei principali punti di riferimento italiani per la distribuzione editoriale.<\/p>\n<p style=\"text-align: justify;\">Gazebook e una manifestazione che abbraccia una fetta di pubblico ampia ed elastica, coinvolgendo chiunque sia interessato al mondo della fotografia, nelle sue diverse forme. In tal senso, Gazebook ha istituito delle Open Call, a titolo gratuito, che, nel loro insieme, costituiscono il CIRCUITO ON del festival, quello spazio in cui il pubblico diventa protagonista ed accende il circuito che vitalizza l&#8217;evento culturale. Attraverso le Open Call ci sar\u00e0 spazio per le piccole realt\u00e0 editoriali e per coloro che hanno recentemente pubblicato un fotolibro e abbiano voglia di mostrarlo al pubblico. Infine, ci sar\u00e0 uno spazio dedicato alla\u00a0proiezione di slideshows, enfatizzando lo storytelling attraverso linguaggi aggiuntivi, come video, testi e audio. Infine, sar\u00e0 istituito un contest Instagram #dreamreality sulla scia del tema principale di Gazebook. Gazebook si avvale dell&#8217;esperienza di un comitato scientifico composto da Lina Pallotta (Fotografa e Docente), Maurizio Garofalo (Art Director), Chiara Oggioni Tiepolo (Curatore e Direttore Artistico &#8216;Foiano Fotografia&#8217;) e Colin Pantall (Fotografo, Critico e Docente). Gazebook e un progetto che nasce dall&#8217;iniziativa di Teresa Bellina, Melissa Carnemolla, Simone Sapienza, i quali hanno alla base un background formativo fotografico ed artistico presso istituti pubblici e privati sia in Italia che all&#8217;estero. Per ulteriori informazioni sull&#8217;evento, sul programma e sull&#8217;offerta ricettiva e turistica di Punta Secca convenzionata con Gazebook, visita il sito web http:\/\/www.gazebook.it o contattaci a photogazebook@gmail.com.<\/p>\n","protected":false},"excerpt":{"rendered":"<p>Nelle giornate dell&#8217;11, 12 e 13 Settembre 2015, Punta Secca (RG) sar\u00e0 il palcoscenico di Gazebook, Manifestazione Internazionale del Fotolibro. Alla sua prima edizione, Gazebook nasce dall&#8217;idea di dare il via ad un progetto culturale ad ampio respiro il cui intento principale e mettere in relazione il pubblico siciliano con il mondo della fotografia attraverso\u00a0l\u2019azione [&hellip;]<\/p>\n","protected":false},"author":34,"featured_media":30883,"comment_status":"open","ping_status":"open","sticky":false,"template":"","format":"standard","meta":{"footnotes":""},"categories":[6],"tags":[],"class_list":["post-30882","post","type-post","status-publish","format-standard","has-post-thumbnail","hentry","category-culturaespettacolo"],"_links":{"self":[{"href":"https:\/\/www.santacroceweb.com\/index.php\/wp-json\/wp\/v2\/posts\/30882","targetHints":{"allow":["GET"]}}],"collection":[{"href":"https:\/\/www.santacroceweb.com\/index.php\/wp-json\/wp\/v2\/posts"}],"about":[{"href":"https:\/\/www.santacroceweb.com\/index.php\/wp-json\/wp\/v2\/types\/post"}],"author":[{"embeddable":true,"href":"https:\/\/www.santacroceweb.com\/index.php\/wp-json\/wp\/v2\/users\/34"}],"replies":[{"embeddable":true,"href":"https:\/\/www.santacroceweb.com\/index.php\/wp-json\/wp\/v2\/comments?post=30882"}],"version-history":[{"count":0,"href":"https:\/\/www.santacroceweb.com\/index.php\/wp-json\/wp\/v2\/posts\/30882\/revisions"}],"wp:featuredmedia":[{"embeddable":true,"href":"https:\/\/www.santacroceweb.com\/index.php\/wp-json\/wp\/v2\/media\/30883"}],"wp:attachment":[{"href":"https:\/\/www.santacroceweb.com\/index.php\/wp-json\/wp\/v2\/media?parent=30882"}],"wp:term":[{"taxonomy":"category","embeddable":true,"href":"https:\/\/www.santacroceweb.com\/index.php\/wp-json\/wp\/v2\/categories?post=30882"},{"taxonomy":"post_tag","embeddable":true,"href":"https:\/\/www.santacroceweb.com\/index.php\/wp-json\/wp\/v2\/tags?post=30882"}],"curies":[{"name":"wp","href":"https:\/\/api.w.org\/{rel}","templated":true}]}}