{"id":30903,"date":"2015-08-18T11:11:22","date_gmt":"2015-08-18T09:11:22","guid":{"rendered":"http:\/\/www.santacroceweb.com\/giornale1\/?p=30903"},"modified":"2015-08-18T14:38:54","modified_gmt":"2015-08-18T12:38:54","slug":"pippo-catalano-canta-adamo-giovedi-20-concerto-a-p-secca","status":"publish","type":"post","link":"https:\/\/www.santacroceweb.com\/index.php\/2015\/08\/18\/pippo-catalano-canta-adamo-giovedi-20-concerto-a-p-secca\/","title":{"rendered":"Pippo Catalano &#8220;Canta Adamo&#8221;, gioved\u00ec 20 agosto concerto a Punta Secca"},"content":{"rendered":"<p style=\"text-align: justify;\">Danza in primo piano. Quella d\u2019autore, di estrazione classica. E\u2019 il riferimento principale dell\u2019iniziativa programmata per domani, mercoled\u00ec 19 agosto, nell\u2019ambito dell\u2019Estate kamarinense 2015 promossa dal Comune di Santa Croce. L\u2019appuntamento si terr\u00e0 alle 21,30 in piazza Faro a Punta Secca. Protagonista la scuola Asd Mila Plavsic che animer\u00e0 uno spettacolo prestigioso, motivo di sicuro richiamo per i numerosi appassionati della zona e per chi non ha avuto modo di assistere a uno show di danza di prim\u2019ordine. Ad esibirsi saranno tutti gli allievi della scuola che, durante la scorsa stagione, hanno lavorato in maniera dura per raggiungere risultati importanti. L\u2019Estate kamarinense proseguir\u00e0 anche gioved\u00ec 20 agosto con altri tre eventi. In particolare, in piazza Concordia, a Punta Secca, ci sar\u00e0 il cinelab \u201cCinema sotto le stelle per grandi e piccini\u201d a partire dalle 21. In piazza Faro, invece, sempre a Punta Secca, una serata musicale sul tema \u201cPippo Canta Adamo\u201d, un tributo che Pippo Catalano vuole rendere sia al mitico cantante Salvatore Adamo che a tutto il suo numerosissimo pubblico che da anni lo segue con calore. Inoltre, a Casuzze, sempre in orario serale, in corso Oceano Atlantico, all\u2019altezza della rotatoria, a partire dalle 21,30, si terr\u00e0 lo spettacolo musicale all\u2019insegna del rock e del blues con il gruppo Stracoustic Trio. \u201cMercoled\u00ec e gioved\u00ec \u2013 dice l\u2019assessore allo Spettacolo, Giansalvo All\u00f9 \u2013 sono in programma una serie di appuntamenti di sicuro richiamo per gli appassionati di vari generi di intrattenimento. Continuiamo, dunque, a catalizzare l\u2019attenzione di residenti e villeggianti, oltre che dei visitatori, con delle iniziative di sicuro interesse. Senza dimenticare che sabato 22 agosto sar\u00e0 il momento della notte di suoni e sapori a Punta Secca, vale a dire la notte bianca che si \u00e8 ritagliata, negli ultimi anni, un importante successo e che \u00e8 particolarmente attesa da tutti\u201d.<\/p>\n","protected":false},"excerpt":{"rendered":"<p>Danza in primo piano. Quella d\u2019autore, di estrazione classica. E\u2019 il riferimento principale dell\u2019iniziativa programmata per domani, mercoled\u00ec 19 agosto, nell\u2019ambito dell\u2019Estate kamarinense 2015 promossa dal Comune di Santa Croce. L\u2019appuntamento si terr\u00e0 alle 21,30 in piazza Faro a Punta Secca. Protagonista la scuola Asd Mila Plavsic che animer\u00e0 uno spettacolo prestigioso, motivo di sicuro [&hellip;]<\/p>\n","protected":false},"author":34,"featured_media":30906,"comment_status":"open","ping_status":"open","sticky":false,"template":"","format":"standard","meta":{"footnotes":""},"categories":[6],"tags":[],"class_list":["post-30903","post","type-post","status-publish","format-standard","has-post-thumbnail","hentry","category-culturaespettacolo"],"_links":{"self":[{"href":"https:\/\/www.santacroceweb.com\/index.php\/wp-json\/wp\/v2\/posts\/30903","targetHints":{"allow":["GET"]}}],"collection":[{"href":"https:\/\/www.santacroceweb.com\/index.php\/wp-json\/wp\/v2\/posts"}],"about":[{"href":"https:\/\/www.santacroceweb.com\/index.php\/wp-json\/wp\/v2\/types\/post"}],"author":[{"embeddable":true,"href":"https:\/\/www.santacroceweb.com\/index.php\/wp-json\/wp\/v2\/users\/34"}],"replies":[{"embeddable":true,"href":"https:\/\/www.santacroceweb.com\/index.php\/wp-json\/wp\/v2\/comments?post=30903"}],"version-history":[{"count":0,"href":"https:\/\/www.santacroceweb.com\/index.php\/wp-json\/wp\/v2\/posts\/30903\/revisions"}],"wp:featuredmedia":[{"embeddable":true,"href":"https:\/\/www.santacroceweb.com\/index.php\/wp-json\/wp\/v2\/media\/30906"}],"wp:attachment":[{"href":"https:\/\/www.santacroceweb.com\/index.php\/wp-json\/wp\/v2\/media?parent=30903"}],"wp:term":[{"taxonomy":"category","embeddable":true,"href":"https:\/\/www.santacroceweb.com\/index.php\/wp-json\/wp\/v2\/categories?post=30903"},{"taxonomy":"post_tag","embeddable":true,"href":"https:\/\/www.santacroceweb.com\/index.php\/wp-json\/wp\/v2\/tags?post=30903"}],"curies":[{"name":"wp","href":"https:\/\/api.w.org\/{rel}","templated":true}]}}