{"id":31035,"date":"2015-08-23T12:39:15","date_gmt":"2015-08-23T10:39:15","guid":{"rendered":"http:\/\/www.santacroceweb.com\/giornale1\/?p=31035"},"modified":"2015-09-09T12:32:01","modified_gmt":"2015-09-09T10:32:01","slug":"via-la-provincia-strade-abbandonate-mancano-sicurezza-e-manutenzione","status":"publish","type":"post","link":"https:\/\/www.santacroceweb.com\/index.php\/2015\/08\/23\/via-la-provincia-strade-abbandonate-mancano-sicurezza-e-manutenzione\/","title":{"rendered":"Via la Provincia, strade abbandonate: mancano sicurezza e manutenzione"},"content":{"rendered":"<p style=\"text-align: justify;\">Tutte le strade provinciali oramai sono abbandonate a se stesse e ancor di pi\u00f9 quelle ricadenti nel territorio santacrocese. Quelle che vanno verso la zona montana sono caratterizzate da curve e saliscendi che si affacciano su profondi dirupi, mentre quelle che vanno verso il mare sono ricche di vegetazione naturale. Da anni, ormai, sono terra di nessuno e pare che tali resteranno non si sa ancora per quanto tempo. Presentano tantissime criticit\u00e0 e viziosit\u00e0, ma fino ad oggi nessuno si \u00e8 preso la briga di risolvere la questione mettendo in atto interventi mirati e risolutivi. Il problema si \u00e8 aggravato con l&#8217;abolizione della Provincia Regionale di Ragusa, mentre continua a rimanere in vita il carrozzone Regione Sicilia. Rimangono in precarie condizioni, le ringhiere di ferro e i muretti di protezione non garantiscono i necessari standard di sicurezza e per questo andrebbero sostituiti alla svelta, mentre \u00e8 rimasta la vecchia segnaletica verticale e orizzontale per cui gli automobilisti, soprattutto quelli che non conoscono le insidie, viaggiano, si fa per dire, a vista. Ma non \u00e8 finita: si ha difficolt\u00e0 a tenere pulite e illuminate le rotatorie perch\u00e9 c&#8217;\u00e8 da evidenziare le pessime condizioni del fondo stradale, il cui asfalto \u00e8 per lo pi\u00f9 dissestato e cosparso di buche. Il quadro si chiude con le erbacce che si &#8221;allungano&#8221; fin sulla strada, testimonianza che non viene garantita neppure la manutenzione ordinaria. Come \u00e8 facile intuire, sono quelle le strade che, potenzialmente, mettono a repentaglio l&#8217;incolumit\u00e0 degli automobilisti. Si \u00e8 fatto tanto per sopprimere le Province ma ancora oggi si \u00e8 in attesa che vengano sostituite da assemblee di sindaci del territorio, e nel frattempo i collegamenti mare-monti, comunque, sono rimasti a questi Enti che rimangono per certi versi &#8221;congelati&#8221; e perci\u00f2 nell&#8217;impossibilit\u00e0 di programmare, anche perch\u00e9 non dispongono di risorse finanziarie sufficienti. Sono stati mandati a casa i politici ma l\u2019apparato burocratico, ricordiamo, \u00e8 rimasto tale e quale e cos\u00ec, come per il passato, non ci sono certezze. Fino a poco tempo addietro all&#8217;ex Provincia c&#8217;era una parvenza di funzionalit\u00e0 operativa, anche se la questione strade non \u00e8 stata mai definita. Una cosa appare certa: se la situazione prima era confusa adesso \u00e8 caotica.<\/p>\n","protected":false},"excerpt":{"rendered":"<p>Tutte le strade provinciali oramai sono abbandonate a se stesse e ancor di pi\u00f9 quelle ricadenti nel territorio santacrocese. Quelle che vanno verso la zona montana sono caratterizzate da curve e saliscendi che si affacciano su profondi dirupi, mentre quelle che vanno verso il mare sono ricche di vegetazione naturale. Da anni, ormai, sono terra [&hellip;]<\/p>\n","protected":false},"author":26,"featured_media":31036,"comment_status":"open","ping_status":"open","sticky":false,"template":"","format":"standard","meta":{"footnotes":""},"categories":[8,22],"tags":[],"class_list":["post-31035","post","type-post","status-publish","format-standard","has-post-thumbnail","hentry","category-attualita","category-provincia"],"_links":{"self":[{"href":"https:\/\/www.santacroceweb.com\/index.php\/wp-json\/wp\/v2\/posts\/31035","targetHints":{"allow":["GET"]}}],"collection":[{"href":"https:\/\/www.santacroceweb.com\/index.php\/wp-json\/wp\/v2\/posts"}],"about":[{"href":"https:\/\/www.santacroceweb.com\/index.php\/wp-json\/wp\/v2\/types\/post"}],"author":[{"embeddable":true,"href":"https:\/\/www.santacroceweb.com\/index.php\/wp-json\/wp\/v2\/users\/26"}],"replies":[{"embeddable":true,"href":"https:\/\/www.santacroceweb.com\/index.php\/wp-json\/wp\/v2\/comments?post=31035"}],"version-history":[{"count":0,"href":"https:\/\/www.santacroceweb.com\/index.php\/wp-json\/wp\/v2\/posts\/31035\/revisions"}],"wp:featuredmedia":[{"embeddable":true,"href":"https:\/\/www.santacroceweb.com\/index.php\/wp-json\/wp\/v2\/media\/31036"}],"wp:attachment":[{"href":"https:\/\/www.santacroceweb.com\/index.php\/wp-json\/wp\/v2\/media?parent=31035"}],"wp:term":[{"taxonomy":"category","embeddable":true,"href":"https:\/\/www.santacroceweb.com\/index.php\/wp-json\/wp\/v2\/categories?post=31035"},{"taxonomy":"post_tag","embeddable":true,"href":"https:\/\/www.santacroceweb.com\/index.php\/wp-json\/wp\/v2\/tags?post=31035"}],"curies":[{"name":"wp","href":"https:\/\/api.w.org\/{rel}","templated":true}]}}