{"id":31183,"date":"2015-08-29T15:57:21","date_gmt":"2015-08-29T13:57:21","guid":{"rendered":"http:\/\/www.santacroceweb.com\/giornale1\/?p=31183"},"modified":"2015-08-29T15:57:21","modified_gmt":"2015-08-29T13:57:21","slug":"basket-la-vigor-completa-il-reparto-lunghi-preso-il-classe-94-cascone","status":"publish","type":"post","link":"https:\/\/www.santacroceweb.com\/index.php\/2015\/08\/29\/basket-la-vigor-completa-il-reparto-lunghi-preso-il-classe-94-cascone\/","title":{"rendered":"Basket, la Vigor completa il reparto lunghi: preso il classe &#8217;94 Cascone"},"content":{"rendered":"<p style=\"text-align: justify;\">A poco meno di un mese dall\u2019inizio del campionato di Serie C Silver, la Emmolo S.&amp; C. srl Vigor Santa Croce lavora alla definizione dell\u2019organico. Il club ha ufficializzato l\u2019arrivo del centro Giuseppe Cascone, classe \u201994, dalla Nova Virtus Ragusa, e il ritorno dell\u2019ala grande Giuseppe Barone, classe \u201990. I due atleti vanno a completare il pacchetto lunghi a disposizione di coach Giancarlo Di Stefano. La societ\u00e0, inoltre, ha aggregato alla prima squadra \u2013 con possibilit\u00e0 d\u2019impiego anche nei campionati giovanili &#8211; due ragazzi promettenti: si tratta di Giuseppe Urrigo e Flavio Bulona, entrambi classe \u201997, provenienti dal Basket School Gela.<\/p>\n<p style=\"text-align: justify;\">La squadra, completa dei nuovi innesti, ha terminato la prima settimana di preparazione atletica agli ordini di coach Di Stefano e del suo nuovo vice Filippo Cappello. \u201cHo trovato i ragazzi carichi e in forma \u2013 spiega l\u2019allenatore \u2013 Non appena hanno rimesso piede in palestra, ho colto nei loro sguardi la voglia di ricominciare e mettersi in discussione. La Serie C d\u00e0 grandi motivazioni. L\u2019arrivo di Cascone, in un ruolo in cui abbiamo sempre faticato, ci rende pi\u00f9 tranquilli. Un lungo in mezzo all\u2019area per noi \u00e8 qualcosa di inusuale. Sar\u00e0 un punto di riferimento per le mie guardie. Su un tiro sbagliato ci sar\u00e0 sempre qualcuno capace di prendere un rimbalzo e metterla dentro\u201d.<\/p>\n<p style=\"text-align: justify;\">Il campionato della Emmolo S. &amp; C. Vigor comincer\u00e0 il prossimo 26 settembre nella tana del Cus Catania e prevede un percorso pieno di ostacoli: \u201cNon sar\u00e0 una stagione facile \u2013 annuncia Di Stefano -. Incontreremo squadra molto attrezzate, alcune delle quali abituate alla categoria. Bisogna sudare pi\u00f9 degli altri anni, ma sono convinto che i ragazzi mi daranno ottime risposte. Il nostro pubblico sar\u00e0 determinante pi\u00f9 che in passato\u201d.<\/p>\n","protected":false},"excerpt":{"rendered":"<p>A poco meno di un mese dall\u2019inizio del campionato di Serie C Silver, la Emmolo S.&amp; C. srl Vigor Santa Croce lavora alla definizione dell\u2019organico. Il club ha ufficializzato l\u2019arrivo del centro Giuseppe Cascone, classe \u201994, dalla Nova Virtus Ragusa, e il ritorno dell\u2019ala grande Giuseppe Barone, classe \u201990. I due atleti vanno a completare [&hellip;]<\/p>\n","protected":false},"author":34,"featured_media":30064,"comment_status":"open","ping_status":"open","sticky":false,"template":"","format":"standard","meta":{"footnotes":""},"categories":[3],"tags":[],"class_list":["post-31183","post","type-post","status-publish","format-standard","has-post-thumbnail","hentry","category-sport"],"_links":{"self":[{"href":"https:\/\/www.santacroceweb.com\/index.php\/wp-json\/wp\/v2\/posts\/31183","targetHints":{"allow":["GET"]}}],"collection":[{"href":"https:\/\/www.santacroceweb.com\/index.php\/wp-json\/wp\/v2\/posts"}],"about":[{"href":"https:\/\/www.santacroceweb.com\/index.php\/wp-json\/wp\/v2\/types\/post"}],"author":[{"embeddable":true,"href":"https:\/\/www.santacroceweb.com\/index.php\/wp-json\/wp\/v2\/users\/34"}],"replies":[{"embeddable":true,"href":"https:\/\/www.santacroceweb.com\/index.php\/wp-json\/wp\/v2\/comments?post=31183"}],"version-history":[{"count":0,"href":"https:\/\/www.santacroceweb.com\/index.php\/wp-json\/wp\/v2\/posts\/31183\/revisions"}],"wp:featuredmedia":[{"embeddable":true,"href":"https:\/\/www.santacroceweb.com\/index.php\/wp-json\/wp\/v2\/media\/30064"}],"wp:attachment":[{"href":"https:\/\/www.santacroceweb.com\/index.php\/wp-json\/wp\/v2\/media?parent=31183"}],"wp:term":[{"taxonomy":"category","embeddable":true,"href":"https:\/\/www.santacroceweb.com\/index.php\/wp-json\/wp\/v2\/categories?post=31183"},{"taxonomy":"post_tag","embeddable":true,"href":"https:\/\/www.santacroceweb.com\/index.php\/wp-json\/wp\/v2\/tags?post=31183"}],"curies":[{"name":"wp","href":"https:\/\/api.w.org\/{rel}","templated":true}]}}