{"id":31195,"date":"2015-08-30T12:01:15","date_gmt":"2015-08-30T10:01:15","guid":{"rendered":"http:\/\/www.santacroceweb.com\/giornale1\/?p=31195"},"modified":"2015-08-30T12:01:15","modified_gmt":"2015-08-30T10:01:15","slug":"calcio-a-5-il-kamarina-suda-per-la-coppa-italia-esordio-il-5-settembre","status":"publish","type":"post","link":"https:\/\/www.santacroceweb.com\/index.php\/2015\/08\/30\/calcio-a-5-il-kamarina-suda-per-la-coppa-italia-esordio-il-5-settembre\/","title":{"rendered":"Calcio a 5, il Kamarina suda per la Coppa Italia: esordio il 5 settembre"},"content":{"rendered":"<p style=\"text-align: justify;\">E\u2019 iniziata la nuova stagione agonistica del CS Kamarina del confermato tecnico Concetto Salone che da una settimana ha dato il via alla preparazione atletica in vista dell\u2019inizio del massimo campionato di serie C1. Il roster camarinense, sotto lo sguardo vigile del vulcanico tecnico camarinense, sta lavorando alacremente con sedute di lavoro giornaliere, presso la struttura ricettiva \u201cAraucaria\u201d, mentre, nel frattempo, la societ\u00e0 lavora senza soste sul fronte mercato. L\u2019obiettivo della societ\u00e0 cara al presidente Vincenzo Mormina \u00e8 quello di completare la rosa dei giocatori nel pi\u00f9 breve tempo possibile, in modo da consentire a mister Salone di lavorare con un gruppo definitivo. Il trainer camarinense, che \u00e8 anche responsabile dell\u2019area tecnica, sta cercando di definire la complessa situazione degli under e in questi giorni si sono aggregati al gruppo alcuni giocatori fra cui Palazzolo (\u201894), lo scorso anno alla Nissa Futsal in serie B, e Schembari (\u201997) dalle giovanili dell\u2019Augusta. Inoltre, \u00e8 stato tesserato anche il locale Aprile (\u201994), mentre si sta trattando con altri tre elementi under di spessore. La nuova stagione, intanto, sta entrando subito nel vivo e sabato 5 settembre scatter\u00e0 la Coppa Italia che vedr\u00e0 il CS Kamarina affrontare in doppia sfida il Pro Gela. La gara d\u2019andata sar\u00e0 giocata a Santa Croce, al Pala Santa Rosalia alle ore 17, mentre il ritorno sar\u00e0 a campi invertiti il 12 settembre. L\u2019inizio del campionato di serie C1, invece, \u00e8 previsto per il 3 ottobre, mentre la squadra dopo le due gare di Coppa Italia, sar\u00e0 impegnata nel \u201cMemorial Tano Rizzo&#8221; e nel \u201cTriangolare Ibleo\u201d contro squadre di serie C2 e serie D.<\/p>\n","protected":false},"excerpt":{"rendered":"<p>E\u2019 iniziata la nuova stagione agonistica del CS Kamarina del confermato tecnico Concetto Salone che da una settimana ha dato il via alla preparazione atletica in vista dell\u2019inizio del massimo campionato di serie C1. Il roster camarinense, sotto lo sguardo vigile del vulcanico tecnico camarinense, sta lavorando alacremente con sedute di lavoro giornaliere, presso la [&hellip;]<\/p>\n","protected":false},"author":34,"featured_media":18177,"comment_status":"open","ping_status":"open","sticky":false,"template":"","format":"standard","meta":{"footnotes":""},"categories":[3],"tags":[],"class_list":["post-31195","post","type-post","status-publish","format-standard","has-post-thumbnail","hentry","category-sport"],"_links":{"self":[{"href":"https:\/\/www.santacroceweb.com\/index.php\/wp-json\/wp\/v2\/posts\/31195","targetHints":{"allow":["GET"]}}],"collection":[{"href":"https:\/\/www.santacroceweb.com\/index.php\/wp-json\/wp\/v2\/posts"}],"about":[{"href":"https:\/\/www.santacroceweb.com\/index.php\/wp-json\/wp\/v2\/types\/post"}],"author":[{"embeddable":true,"href":"https:\/\/www.santacroceweb.com\/index.php\/wp-json\/wp\/v2\/users\/34"}],"replies":[{"embeddable":true,"href":"https:\/\/www.santacroceweb.com\/index.php\/wp-json\/wp\/v2\/comments?post=31195"}],"version-history":[{"count":0,"href":"https:\/\/www.santacroceweb.com\/index.php\/wp-json\/wp\/v2\/posts\/31195\/revisions"}],"wp:featuredmedia":[{"embeddable":true,"href":"https:\/\/www.santacroceweb.com\/index.php\/wp-json\/wp\/v2\/media\/18177"}],"wp:attachment":[{"href":"https:\/\/www.santacroceweb.com\/index.php\/wp-json\/wp\/v2\/media?parent=31195"}],"wp:term":[{"taxonomy":"category","embeddable":true,"href":"https:\/\/www.santacroceweb.com\/index.php\/wp-json\/wp\/v2\/categories?post=31195"},{"taxonomy":"post_tag","embeddable":true,"href":"https:\/\/www.santacroceweb.com\/index.php\/wp-json\/wp\/v2\/tags?post=31195"}],"curies":[{"name":"wp","href":"https:\/\/api.w.org\/{rel}","templated":true}]}}