{"id":31995,"date":"2015-09-26T12:48:45","date_gmt":"2015-09-26T10:48:45","guid":{"rendered":"http:\/\/www.santacroceweb.com\/giornale1\/?p=31995"},"modified":"2015-09-27T10:21:39","modified_gmt":"2015-09-27T08:21:39","slug":"calcio-il-santa-croce-sfida-il-ragusa-super-derby-domani-al-kennedy","status":"publish","type":"post","link":"https:\/\/www.santacroceweb.com\/index.php\/2015\/09\/26\/calcio-il-santa-croce-sfida-il-ragusa-super-derby-domani-al-kennedy\/","title":{"rendered":"Calcio, il Santa Croce sfida il Ragusa: super derby alle 15.30 al Kennedy"},"content":{"rendered":"<p style=\"text-align: justify;\">Terza giornata del campionato di Promozione e secondo derby per il Santa Croce di Calogero La Vaccara che nel catino del \u201cJF Kennedy\u201d affronter\u00e0 il forte Ragusa, pretendente al salto di categoria. Sar\u00e0, cos\u00ec, il primo banco di prova importante per la giovane squadra biancazzurra che, dopo le due vittorie consecutive nelle altrettante iniziali gare di campionato, vorr\u00e0 provare la propria forza contro i cugini iblei. La squadra di La Vaccara non si presenta all\u2019incontro nelle migliori condizioni, vista l\u2019assenza del fenomenale Muhammed Jatta per squalifica e le non buone condizioni fisiche di Mirco Gurrieri, Ivan Rimmaudo e dello stesso mister La Vaccara. Il trainer camarinense, comunque, decider\u00e0 pochi minuti prima la formazione da schierare in campo, confermando il pacchetto difensivo ancora imbattuto e schierando gente come Arena, Mascara, Incardona e Damiano Buscema che in queste categorie fanno la differenza. Per l\u2019occasione la societ\u00e0 cara ai presidenti Micieli e Agnello ha indetto la giornata biancazzurra, annullando ogni accredito e entrate di favore. Ci si aspetta una folta presenza di sostenitori del Ragusa che, probabilmente, saranno sistemati nella tribunetta riservata agli ospiti. &#8221;Si affrontano due squadre di spessore e ci\u00f2 non pu\u00f2 che essere un vanto per il panorama calcistico provinciale. \u2013 dice il dg Claudio Agnello &#8211; E&#8217; difficile poter azzardare un pronostico o individuare un favorito, ma certamente sar\u00e0 un match affrontato a viso aperto da entrambe le formazioni. Incontriamo un avversario dagli obiettivi ambiziosi, ma altres\u00ec ritengo che il Santa Croce avr\u00e0 gli argomenti per imporsi cercando la vittoria sul campo. Mi auguro \u2013 conclude Agnello &#8211; di assistere ad una bella giornata di sport caratterizzata dalla sana competizione che diverta il numeroso pubblico presente sugli spalti&#8221;. La gara avr\u00e0 inizio alle ore 15.30 e sar\u00e0 diretta dal signor Giovanni Martorana di Enna che sar\u00e0 collaborato dai signori Breci e Fisichella.<\/p>\n","protected":false},"excerpt":{"rendered":"<p>Terza giornata del campionato di Promozione e secondo derby per il Santa Croce di Calogero La Vaccara che nel catino del \u201cJF Kennedy\u201d affronter\u00e0 il forte Ragusa, pretendente al salto di categoria. Sar\u00e0, cos\u00ec, il primo banco di prova importante per la giovane squadra biancazzurra che, dopo le due vittorie consecutive nelle altrettante iniziali gare [&hellip;]<\/p>\n","protected":false},"author":34,"featured_media":31742,"comment_status":"open","ping_status":"open","sticky":false,"template":"","format":"standard","meta":{"footnotes":""},"categories":[3],"tags":[],"class_list":["post-31995","post","type-post","status-publish","format-standard","has-post-thumbnail","hentry","category-sport"],"_links":{"self":[{"href":"https:\/\/www.santacroceweb.com\/index.php\/wp-json\/wp\/v2\/posts\/31995","targetHints":{"allow":["GET"]}}],"collection":[{"href":"https:\/\/www.santacroceweb.com\/index.php\/wp-json\/wp\/v2\/posts"}],"about":[{"href":"https:\/\/www.santacroceweb.com\/index.php\/wp-json\/wp\/v2\/types\/post"}],"author":[{"embeddable":true,"href":"https:\/\/www.santacroceweb.com\/index.php\/wp-json\/wp\/v2\/users\/34"}],"replies":[{"embeddable":true,"href":"https:\/\/www.santacroceweb.com\/index.php\/wp-json\/wp\/v2\/comments?post=31995"}],"version-history":[{"count":0,"href":"https:\/\/www.santacroceweb.com\/index.php\/wp-json\/wp\/v2\/posts\/31995\/revisions"}],"wp:featuredmedia":[{"embeddable":true,"href":"https:\/\/www.santacroceweb.com\/index.php\/wp-json\/wp\/v2\/media\/31742"}],"wp:attachment":[{"href":"https:\/\/www.santacroceweb.com\/index.php\/wp-json\/wp\/v2\/media?parent=31995"}],"wp:term":[{"taxonomy":"category","embeddable":true,"href":"https:\/\/www.santacroceweb.com\/index.php\/wp-json\/wp\/v2\/categories?post=31995"},{"taxonomy":"post_tag","embeddable":true,"href":"https:\/\/www.santacroceweb.com\/index.php\/wp-json\/wp\/v2\/tags?post=31995"}],"curies":[{"name":"wp","href":"https:\/\/api.w.org\/{rel}","templated":true}]}}