{"id":32245,"date":"2015-10-02T09:57:51","date_gmt":"2015-10-02T07:57:51","guid":{"rendered":"http:\/\/www.santacroceweb.com\/giornale1\/?p=32245"},"modified":"2015-10-01T18:03:36","modified_gmt":"2015-10-01T16:03:36","slug":"calcio-a-5-il-kamarina-debutta-con-lo-united-capaci-stagione-esaltante","status":"publish","type":"post","link":"https:\/\/www.santacroceweb.com\/index.php\/2015\/10\/02\/calcio-a-5-il-kamarina-debutta-con-lo-united-capaci-stagione-esaltante\/","title":{"rendered":"Calcio a 5, il Kamarina debutta con lo United Capaci: &#8220;Stagione esaltante&#8221;"},"content":{"rendered":"<p style=\"text-align: justify;\">E\u2019 tutto pronto per l\u2019esordio del CS Kamarina allenato da\u00a0Concetto Salone nel campionato di serie C1 di calcio a 5. La marcia di avvicinamento verso l\u2019inizio del massimo campionato regionale di futsal \u00e8 finalmente conclusa, cos\u00ec sabato pomeriggio la squadra cara al presidente Vincenzo Mormina potr\u00e0 presentarsi ufficialmente al proprio pubblico per la prima gara ufficiale della stagione. A far visita a Sammito e soci sar\u00e0 una delle pretendenti al salto di categoria, vale a dire quello United Capaci che nello scorso torneo sfior\u00f2 la promozione in serie B. Niente timori, comunque, per la squadra di mister Concetto Salone che dopo aver archiviato la Coppa Italia, ha continuato ad allenarsi intensamente per trovare la giusta condizione fisica. Il trainer biancazzurro ha lavorato intensamente affinch\u00e9 la sua squadra fosse pronta e consapevole di affrontare un campionato duro e nettamente superiore, sia per tecnica, sia per il valore delle squadre avversarie. \u201cSono consapevole del valore superiore di questo torneo, ma conosco il nostro valore della mia squadra. \u2013 dice Concetto Salone \u2013 Sono convinto che il Kamarina quest\u2019anno, seppur con alcune difficolt\u00e0, far\u00e0 un campionato esaltante, prendendosi molte soddisfazioni. Naturalmente dovremo stare sempre con i piedi per terra e affrontare ogni gara con il giusto piglio e la giusta mentalit\u00e0. Il nostro obiettivo finale sar\u00e0, naturalmente, il raggiungimento della salvezza che dovr\u00e0 essere conquistata vincendo, soprattutto le gare casalinghe. Per ottenere ci\u00f2, avremo bisogno dell\u2019appoggio del nostro meraviglioso pubblico che spero sia numeroso sabato pomeriggio, in occasione dell\u2019esordio in campionato\u201d. Contro lo United Capaci, Salone dovr\u00e0 rinunciare allo squalificato Incorvaia, mentre sono in dubbio Sammito e Occhipinti. La gara si giocher\u00e0 al Pala Santa Rosalia di viale degli Atleti e avr\u00e0 inizio alle ore 17; a dirigere la contesa saranno i signori Francesco Paolo Fama di Caltanissetta e Giuseppe Malpasso di Siracusa.<\/p>\n","protected":false},"excerpt":{"rendered":"<p>E\u2019 tutto pronto per l\u2019esordio del CS Kamarina allenato da\u00a0Concetto Salone nel campionato di serie C1 di calcio a 5. La marcia di avvicinamento verso l\u2019inizio del massimo campionato regionale di futsal \u00e8 finalmente conclusa, cos\u00ec sabato pomeriggio la squadra cara al presidente Vincenzo Mormina potr\u00e0 presentarsi ufficialmente al proprio pubblico per la prima gara [&hellip;]<\/p>\n","protected":false},"author":34,"featured_media":21243,"comment_status":"open","ping_status":"open","sticky":false,"template":"","format":"standard","meta":{"footnotes":""},"categories":[3],"tags":[],"class_list":["post-32245","post","type-post","status-publish","format-standard","has-post-thumbnail","hentry","category-sport"],"_links":{"self":[{"href":"https:\/\/www.santacroceweb.com\/index.php\/wp-json\/wp\/v2\/posts\/32245","targetHints":{"allow":["GET"]}}],"collection":[{"href":"https:\/\/www.santacroceweb.com\/index.php\/wp-json\/wp\/v2\/posts"}],"about":[{"href":"https:\/\/www.santacroceweb.com\/index.php\/wp-json\/wp\/v2\/types\/post"}],"author":[{"embeddable":true,"href":"https:\/\/www.santacroceweb.com\/index.php\/wp-json\/wp\/v2\/users\/34"}],"replies":[{"embeddable":true,"href":"https:\/\/www.santacroceweb.com\/index.php\/wp-json\/wp\/v2\/comments?post=32245"}],"version-history":[{"count":0,"href":"https:\/\/www.santacroceweb.com\/index.php\/wp-json\/wp\/v2\/posts\/32245\/revisions"}],"wp:featuredmedia":[{"embeddable":true,"href":"https:\/\/www.santacroceweb.com\/index.php\/wp-json\/wp\/v2\/media\/21243"}],"wp:attachment":[{"href":"https:\/\/www.santacroceweb.com\/index.php\/wp-json\/wp\/v2\/media?parent=32245"}],"wp:term":[{"taxonomy":"category","embeddable":true,"href":"https:\/\/www.santacroceweb.com\/index.php\/wp-json\/wp\/v2\/categories?post=32245"},{"taxonomy":"post_tag","embeddable":true,"href":"https:\/\/www.santacroceweb.com\/index.php\/wp-json\/wp\/v2\/tags?post=32245"}],"curies":[{"name":"wp","href":"https:\/\/api.w.org\/{rel}","templated":true}]}}