{"id":32372,"date":"2015-10-07T20:01:49","date_gmt":"2015-10-07T18:01:49","guid":{"rendered":"http:\/\/www.santacroceweb.com\/giornale1\/?p=32372"},"modified":"2015-10-08T20:01:04","modified_gmt":"2015-10-08T18:01:04","slug":"tunisino-in-bici-travolto-sulla-scoglitti-p-secca-e-in-prognosi-riservata","status":"publish","type":"post","link":"https:\/\/www.santacroceweb.com\/index.php\/2015\/10\/07\/tunisino-in-bici-travolto-sulla-scoglitti-p-secca-e-in-prognosi-riservata\/","title":{"rendered":"Tunisino in bici travolto sulla Scoglitti-P.Secca: \u00e8 in prognosi riservata"},"content":{"rendered":"<p style=\"text-align: justify;\">Un altro incidente, nel primo pomeriggio di mercoled\u00ec, ha scosso la comunit\u00e0 di Santa Croce. Un giovane tunisino di 33 anni, che stava percorrendo la SC 25 (Scoglitti-Punta Secca), \u00e8 stato investito da un camion qualche centinaio di metri prima dell&#8217;incrocio per Punta Braccetto. Il ragazzo (B.S.B. le iniziali) viaggiava a bordo della sua bicicletta, quando si \u00e8 spostato improvvisamente verso il centro della carreggiata per evitare il canneto ed \u00e8 stato travolto dal mezzo pesante, intento nel sorpasso. Il tunisino ha riportato un grave trauma cranico ed \u00e8 stato necessario l&#8217;intervento dell&#8217;elisoccorso per trasferirlo all&#8217;ospedale Cannizzaro di Catania. L&#8217;uomo adesso \u00e8 ricoverato in prognosi riservata. La Polizia municipale di Santa Croce \u00e8 intervenuta sul posto per compiere i rilievi.<\/p>\n","protected":false},"excerpt":{"rendered":"<p>Un altro incidente, nel primo pomeriggio di mercoled\u00ec, ha scosso la comunit\u00e0 di Santa Croce. Un giovane tunisino di 33 anni, che stava percorrendo la SC 25 (Scoglitti-Punta Secca), \u00e8 stato investito da un camion qualche centinaio di metri prima dell&#8217;incrocio per Punta Braccetto. Il ragazzo (B.S.B. le iniziali) viaggiava a bordo della sua bicicletta, [&hellip;]<\/p>\n","protected":false},"author":34,"featured_media":32414,"comment_status":"open","ping_status":"open","sticky":false,"template":"","format":"standard","meta":{"footnotes":""},"categories":[7,11],"tags":[],"class_list":["post-32372","post","type-post","status-publish","format-standard","has-post-thumbnail","hentry","category-cronaca","category-primopiano"],"_links":{"self":[{"href":"https:\/\/www.santacroceweb.com\/index.php\/wp-json\/wp\/v2\/posts\/32372","targetHints":{"allow":["GET"]}}],"collection":[{"href":"https:\/\/www.santacroceweb.com\/index.php\/wp-json\/wp\/v2\/posts"}],"about":[{"href":"https:\/\/www.santacroceweb.com\/index.php\/wp-json\/wp\/v2\/types\/post"}],"author":[{"embeddable":true,"href":"https:\/\/www.santacroceweb.com\/index.php\/wp-json\/wp\/v2\/users\/34"}],"replies":[{"embeddable":true,"href":"https:\/\/www.santacroceweb.com\/index.php\/wp-json\/wp\/v2\/comments?post=32372"}],"version-history":[{"count":0,"href":"https:\/\/www.santacroceweb.com\/index.php\/wp-json\/wp\/v2\/posts\/32372\/revisions"}],"wp:featuredmedia":[{"embeddable":true,"href":"https:\/\/www.santacroceweb.com\/index.php\/wp-json\/wp\/v2\/media\/32414"}],"wp:attachment":[{"href":"https:\/\/www.santacroceweb.com\/index.php\/wp-json\/wp\/v2\/media?parent=32372"}],"wp:term":[{"taxonomy":"category","embeddable":true,"href":"https:\/\/www.santacroceweb.com\/index.php\/wp-json\/wp\/v2\/categories?post=32372"},{"taxonomy":"post_tag","embeddable":true,"href":"https:\/\/www.santacroceweb.com\/index.php\/wp-json\/wp\/v2\/tags?post=32372"}],"curies":[{"name":"wp","href":"https:\/\/api.w.org\/{rel}","templated":true}]}}